{"id":181287,"date":"2025-10-05T14:50:40","date_gmt":"2025-10-05T19:50:40","guid":{"rendered":"https:\/\/www.buroperiodistico.com.mx\/?p=181287"},"modified":"2025-10-05T14:50:40","modified_gmt":"2025-10-05T19:50:40","slug":"gobierno-municipal-acerca-servicios-y-programas-a-jovenes-del-poniente-con-la-brigada-de-contacto-joven","status":"publish","type":"post","link":"https:\/\/www.buroperiodistico.com.mx\/?p=181287","title":{"rendered":"GOBIERNO MUNICIPAL ACERCA SERVICIOS Y PROGRAMAS A J\u00d3VENES DEL PONIENTE CON LA BRIGADA DE CONTACTO JOVEN"},"content":{"rendered":"<p><em><strong><img loading=\"lazy\" decoding=\"async\" class=\" wp-image-181291 alignright\" src=\"https:\/\/www.buroperiodistico.com.mx\/wp-content\/uploads\/2025\/10\/Ndlx.jpeg\" alt=\"\" width=\"457\" height=\"290\" srcset=\"https:\/\/www.buroperiodistico.com.mx\/wp-content\/uploads\/2025\/10\/Ndlx.jpeg 1024w, https:\/\/www.buroperiodistico.com.mx\/wp-content\/uploads\/2025\/10\/Ndlx-300x190.jpeg 300w, https:\/\/www.buroperiodistico.com.mx\/wp-content\/uploads\/2025\/10\/Ndlx-768x487.jpeg 768w\" sizes=\"auto, (max-width: 457px) 100vw, 457px\" \/>Nuevo Laredo, Tam (5-Octubre-2025).-<\/strong><\/em> Con el objetivo de fortalecer la atenci\u00f3n integral y el desarrollo de las juventudes, el Gobierno Municipal llev\u00f3 la Brigada de Contacto Joven a la Preparatoria Municipal \u201cManuel G\u00f3mez Morin\u201d, ubicada en el poniente de la ciudad, beneficiando a m\u00e1s de 580 estudiantes con diversos servicios, asesor\u00edas y actividades formativas.<\/p>\n<p>A trav\u00e9s del Instituto Municipal para el Desarrollo de la Juventud (IMJUVE), en coordinaci\u00f3n con distintas dependencias del gobierno local e instituciones de salud, se ofrecieron inscripciones a programas culturales, deportivos y educativos, as\u00ed como cursos de capacitaci\u00f3n para el trabajo. Adem\u00e1s, los j\u00f3venes recibieron atenciones m\u00e9dicas, asesor\u00edas sobre salud sexual y reproductiva, entrega de m\u00e9todos anticonceptivos y aplicaci\u00f3n de pruebas r\u00e1pidas de detecci\u00f3n de enfermedades de transmisi\u00f3n sexual.<\/p>\n<p>Durante la jornada tambi\u00e9n se llevaron a cabo acciones de vacunaci\u00f3n, entrega de kits ecol\u00f3gicos e informaci\u00f3n sobre cuidado ambiental, as\u00ed como orientaci\u00f3n sobre bienestar animal, prevenci\u00f3n de adicciones y derechos de la mujer, con el apoyo del Sistema DIF Municipal, IMPACTA, INMUJER, CONASAMA, COMAPA y la Jurisdicci\u00f3n Sanitaria No. 5.<\/p>\n<p>Asimismo, se brind\u00f3 atenci\u00f3n psicol\u00f3gica, se levantaron reportes ciudadanos por parte del CIGA y se realiz\u00f3 el registro de j\u00f3venes interesados en obtener los beneficios y programas del IMJUVE.<\/p>\n<p>El director del Instituto, Lic. Jes\u00fas Espinoza, destac\u00f3 la importancia de acercar estas brigadas a las escuelas, ya que \u201cpermiten fortalecer la salud, el bienestar emocional y el desarrollo personal de los j\u00f3venes, creando entornos m\u00e1s seguros y con mayores oportunidades\u201d.<\/p>\n<p>Por su parte, la Lic. \u00c9lida L\u00f3pez, directora del plantel, agradeci\u00f3 al Gobierno Municipal por llevar este tipo de iniciativas a las instituciones educativas del poniente, donde representan un apoyo directo para la comunidad estudiantil.<\/p>\n<p>La Brigada de Contacto Joven forma parte de las acciones permanentes del Gobierno Municipal para promover la participaci\u00f3n, la prevenci\u00f3n y el bienestar integral de las juventudes de Nuevo Laredo.<\/p>\n<p><img loading=\"lazy\" decoding=\"async\" class=\"aligncenter size-full wp-image-181288\" src=\"https:\/\/www.buroperiodistico.com.mx\/wp-content\/uploads\/2025\/10\/Ndlx-I.jpeg\" alt=\"\" width=\"640\" height=\"480\" srcset=\"https:\/\/www.buroperiodistico.com.mx\/wp-content\/uploads\/2025\/10\/Ndlx-I.jpeg 640w, https:\/\/www.buroperiodistico.com.mx\/wp-content\/uploads\/2025\/10\/Ndlx-I-300x225.jpeg 300w\" sizes=\"auto, (max-width: 640px) 100vw, 640px\" \/> <img loading=\"lazy\" decoding=\"async\" class=\"aligncenter size-full wp-image-181290\" src=\"https:\/\/www.buroperiodistico.com.mx\/wp-content\/uploads\/2025\/10\/Ndlx-III.jpeg\" alt=\"\" width=\"640\" height=\"480\" srcset=\"https:\/\/www.buroperiodistico.com.mx\/wp-content\/uploads\/2025\/10\/Ndlx-III.jpeg 640w, https:\/\/www.buroperiodistico.com.mx\/wp-content\/uploads\/2025\/10\/Ndlx-III-300x225.jpeg 300w\" sizes=\"auto, (max-width: 640px) 100vw, 640px\" \/> <img loading=\"lazy\" decoding=\"async\" class=\"aligncenter size-full wp-image-181289\" src=\"https:\/\/www.buroperiodistico.com.mx\/wp-content\/uploads\/2025\/10\/Ndlx-II.jpeg\" alt=\"\" width=\"640\" height=\"480\" srcset=\"https:\/\/www.buroperiodistico.com.mx\/wp-content\/uploads\/2025\/10\/Ndlx-II.jpeg 640w, https:\/\/www.buroperiodistico.com.mx\/wp-content\/uploads\/2025\/10\/Ndlx-II-300x225.jpeg 300w\" sizes=\"auto, (max-width: 640px) 100vw, 640px\" \/><\/p>\n","protected":false},"excerpt":{"rendered":"<p>Nuevo Laredo, Tam (5-Octubre-2025).- Con el objetivo de fortalecer la atenci\u00f3n integral y el desarrollo&#8230;<\/p>\n","protected":false},"author":1,"featured_media":181291,"comment_status":"closed","ping_status":"closed","sticky":false,"template":"","format":"standard","meta":{"footnotes":"","jetpack_publicize_message":"","jetpack_publicize_feature_enabled":true,"jetpack_social_post_already_shared":true,"jetpack_social_options":{"image_generator_settings":{"template":"highway","default_image_id":0,"font":"","enabled":false},"version":2}},"categories":[16],"tags":[],"class_list":["post-181287","post","type-post","status-publish","format-standard","has-post-thumbnail","hentry","category-nuevolaredo"],"jetpack_publicize_connections":[],"_links":{"self":[{"href":"https:\/\/www.buroperiodistico.com.mx\/index.php?rest_route=\/wp\/v2\/posts\/181287","targetHints":{"allow":["GET"]}}],"collection":[{"href":"https:\/\/www.buroperiodistico.com.mx\/index.php?rest_route=\/wp\/v2\/posts"}],"about":[{"href":"https:\/\/www.buroperiodistico.com.mx\/index.php?rest_route=\/wp\/v2\/types\/post"}],"author":[{"embeddable":true,"href":"https:\/\/www.buroperiodistico.com.mx\/index.php?rest_route=\/wp\/v2\/users\/1"}],"replies":[{"embeddable":true,"href":"https:\/\/www.buroperiodistico.com.mx\/index.php?rest_route=%2Fwp%2Fv2%2Fcomments&post=181287"}],"version-history":[{"count":0,"href":"https:\/\/www.buroperiodistico.com.mx\/index.php?rest_route=\/wp\/v2\/posts\/181287\/revisions"}],"wp:featuredmedia":[{"embeddable":true,"href":"https:\/\/www.buroperiodistico.com.mx\/index.php?rest_route=\/wp\/v2\/media\/181291"}],"wp:attachment":[{"href":"https:\/\/www.buroperiodistico.com.mx\/index.php?rest_route=%2Fwp%2Fv2%2Fmedia&parent=181287"}],"wp:term":[{"taxonomy":"category","embeddable":true,"href":"https:\/\/www.buroperiodistico.com.mx\/index.php?rest_route=%2Fwp%2Fv2%2Fcategories&post=181287"},{"taxonomy":"post_tag","embeddable":true,"href":"https:\/\/www.buroperiodistico.com.mx\/index.php?rest_route=%2Fwp%2Fv2%2Ftags&post=181287"}],"curies":[{"name":"wp","href":"https:\/\/api.w.org\/{rel}","templated":true}]}}