{"id":181234,"date":"2025-10-05T12:46:51","date_gmt":"2025-10-05T17:46:51","guid":{"rendered":"https:\/\/www.buroperiodistico.com.mx\/?p=181234"},"modified":"2025-10-05T12:46:51","modified_gmt":"2025-10-05T17:46:51","slug":"acercara-dif-reynosa-servicios-gratuitos-al-fraccionamiento-villa-esmeralda","status":"publish","type":"post","link":"https:\/\/www.buroperiodistico.com.mx\/?p=181234","title":{"rendered":"Acercar\u00e1 DIF-Reynosa servicios gratuitos al fraccionamiento Villa Esmeralda"},"content":{"rendered":"<p><em><strong><img loading=\"lazy\" decoding=\"async\" class=\"size-full wp-image-181235 alignright\" src=\"https:\/\/www.buroperiodistico.com.mx\/wp-content\/uploads\/2025\/10\/DIFx-I-1.jpeg\" alt=\"\" width=\"500\" height=\"480\" srcset=\"https:\/\/www.buroperiodistico.com.mx\/wp-content\/uploads\/2025\/10\/DIFx-I-1.jpeg 500w, https:\/\/www.buroperiodistico.com.mx\/wp-content\/uploads\/2025\/10\/DIFx-I-1-300x288.jpeg 300w\" sizes=\"auto, (max-width: 500px) 100vw, 500px\" \/>Reynosa, Tam (5-Octubre-2025).-<\/strong><\/em> Por instrucciones del Alcalde, Carlos Pe\u00f1a Ortiz, el Sistema DIF-Reynosa que preside Carlos Luis Pe\u00f1a Garza, llevar\u00e1 una nueva brigada del programa \u201cDIF en Tu Colonia\u201d al fraccionamiento Villa Esmeralda, este martes 7 de octubre, a partir de las 8:00 de la ma\u00f1ana, en el \u00e1rea verde ubicada sobre la calle Coro.<\/p>\n<p>Durante la brigada se ofrecer\u00e1n consultas m\u00e9dicas y dentales, cortes de cabello, chequeo de la vista y entrega de lentes, productos de limpieza l\u00edquidos, adem\u00e1s de servicios de bienestar animal, como vacunaci\u00f3n antirr\u00e1bica, desparasitaci\u00f3n y consulta m\u00e9dica b\u00e1sica para mascotas, adem\u00e1s de otorgar aparatos funcionales, todos los beneficios ser\u00e1n totalmente gratuitos.<\/p>\n<p>Estas acciones fortalecen el v\u00ednculo con las familias y promueven el bienestar comunitario, por lo que se siguen llegando a m\u00e1s colonias para atender a quien m\u00e1s lo necesita.<\/p>\n","protected":false},"excerpt":{"rendered":"<p>Reynosa, Tam (5-Octubre-2025).- Por instrucciones del Alcalde, Carlos Pe\u00f1a Ortiz, el Sistema DIF-Reynosa que preside&#8230;<\/p>\n","protected":false},"author":1,"featured_media":181236,"comment_status":"closed","ping_status":"closed","sticky":false,"template":"","format":"standard","meta":{"footnotes":"","jetpack_publicize_message":"","jetpack_publicize_feature_enabled":true,"jetpack_social_post_already_shared":true,"jetpack_social_options":{"image_generator_settings":{"template":"highway","default_image_id":0,"font":"","enabled":false},"version":2}},"categories":[9],"tags":[],"class_list":["post-181234","post","type-post","status-publish","format-standard","has-post-thumbnail","hentry","category-reynosa"],"jetpack_publicize_connections":[],"_links":{"self":[{"href":"https:\/\/www.buroperiodistico.com.mx\/index.php?rest_route=\/wp\/v2\/posts\/181234","targetHints":{"allow":["GET"]}}],"collection":[{"href":"https:\/\/www.buroperiodistico.com.mx\/index.php?rest_route=\/wp\/v2\/posts"}],"about":[{"href":"https:\/\/www.buroperiodistico.com.mx\/index.php?rest_route=\/wp\/v2\/types\/post"}],"author":[{"embeddable":true,"href":"https:\/\/www.buroperiodistico.com.mx\/index.php?rest_route=\/wp\/v2\/users\/1"}],"replies":[{"embeddable":true,"href":"https:\/\/www.buroperiodistico.com.mx\/index.php?rest_route=%2Fwp%2Fv2%2Fcomments&post=181234"}],"version-history":[{"count":0,"href":"https:\/\/www.buroperiodistico.com.mx\/index.php?rest_route=\/wp\/v2\/posts\/181234\/revisions"}],"wp:featuredmedia":[{"embeddable":true,"href":"https:\/\/www.buroperiodistico.com.mx\/index.php?rest_route=\/wp\/v2\/media\/181236"}],"wp:attachment":[{"href":"https:\/\/www.buroperiodistico.com.mx\/index.php?rest_route=%2Fwp%2Fv2%2Fmedia&parent=181234"}],"wp:term":[{"taxonomy":"category","embeddable":true,"href":"https:\/\/www.buroperiodistico.com.mx\/index.php?rest_route=%2Fwp%2Fv2%2Fcategories&post=181234"},{"taxonomy":"post_tag","embeddable":true,"href":"https:\/\/www.buroperiodistico.com.mx\/index.php?rest_route=%2Fwp%2Fv2%2Ftags&post=181234"}],"curies":[{"name":"wp","href":"https:\/\/api.w.org\/{rel}","templated":true}]}}