{"id":181218,"date":"2025-10-03T12:26:48","date_gmt":"2025-10-03T17:26:48","guid":{"rendered":"https:\/\/www.buroperiodistico.com.mx\/?p=181218"},"modified":"2025-10-05T12:29:49","modified_gmt":"2025-10-05T17:29:49","slug":"quiere-reynosa-comodato-de-la-laguna-y-parque-cultural-2","status":"publish","type":"post","link":"https:\/\/www.buroperiodistico.com.mx\/?p=181218","title":{"rendered":"QUIERE REYNOSA COMODATO DE LA LAGUNA Y PARQUE CULTURAL"},"content":{"rendered":"<p><em><strong><img loading=\"lazy\" decoding=\"async\" class=\" wp-image-181221 alignright\" src=\"https:\/\/www.buroperiodistico.com.mx\/wp-content\/uploads\/2025\/10\/Quierex.jpeg\" alt=\"\" width=\"532\" height=\"321\" srcset=\"https:\/\/www.buroperiodistico.com.mx\/wp-content\/uploads\/2025\/10\/Quierex.jpeg 1024w, https:\/\/www.buroperiodistico.com.mx\/wp-content\/uploads\/2025\/10\/Quierex-300x181.jpeg 300w, https:\/\/www.buroperiodistico.com.mx\/wp-content\/uploads\/2025\/10\/Quierex-768x464.jpeg 768w\" sizes=\"auto, (max-width: 532px) 100vw, 532px\" \/>REYNOSA, TAM.- (Octubre 03, de 2025).-<\/strong><\/em> El gobierno de Reynosa pretende que el gobierno estatal ceda al Ayuntamiento en comodato el Parque Cultural y La Laguna La Escondida para asumir el compromiso de sanear la Laguna, limpiar la zona y promover actividades aqua-tur\u00edsticas, inform\u00f3 Carlos Pe\u00f1a Ortiz, alcalde de Reynosa.<\/p>\n<p>Aunque el alcalde ya hab\u00eda revelado esta petici\u00f3n formal del Ayuntamiento al Estado de ceder en comodato el Parque Cultural y La Laguna en un evento el 19 de septiembre en un evento ecol\u00f3gico en el CETIS-71, esta ma\u00f1ana en la Carrera Burgos en el parque cultural volvi\u00f3 a hacer p\u00fablica su gesti\u00f3n de obtener en comodato el Parque Cultural.<\/p>\n<p>Las corredoras del club Pink Power le ofrecieron el apoyo para promover la gesti\u00f3n y el p\u00fablico en general aplaudi\u00f3 la idea de Pe\u00f1a Ortiz para que el Ayuntamiento sea directamente responsable de limpiar y dar mantenimiento al inmueble.<\/p>\n<p>Los proyectos sobran, la sociedad civil organizada ha presentado varios, desde convertir la Laguna en \u00e1rea de juegos ol\u00edmpicos (canotaje) hasta recrear Xochimilco con trajineras.<\/p>\n<p>\u201cAcabamos de mandarle la petici\u00f3n de que se le entregue al Municipio para poder nosotros darle un mantenimiento como debe ser\u201d, dijo tras revelar el plan de adquisici\u00f3n v\u00eda comodato.<\/p>\n<p>Pe\u00f1a reconoci\u00f3 que los reynosenses son los m\u00e1s interesados en darle m\u00e1s movimiento, m\u00e1s acci\u00f3n y actividad a todo el Parque Cultural.<\/p>\n<p>\u201cEstamos ahorita en la petici\u00f3n, la acabamos de mandar, hay mucha demanda de los ciudadanos de que se requiere m\u00e1s limpieza, con mucho gusto nosotros estamos dispuestos\u201d, acept\u00f3.<\/p>\n<p>Pe\u00f1a enfatiz\u00f3 que Am\u00e9rico Villarreal Anaya siempre ha sido un gobernador de puertas abiertas, por lo que no dud\u00f3 pueda dialogar sobre el comodato.<\/p>\n<p>\u201cNom\u00e1s que no es Municipal, el Parque Cultural y La Laguna son un \u00e1rea protegida estatal, y bueno nosotros queremos siempre colaborar con el Gobierno del Estado y acabamos de mandarle la petici\u00f3n de que se le entregue al Municipio para poder nosotros darle<br \/>\nun mantenimiento como debe ser\u201d, agreg\u00f3.<\/p>\n<p>Un joven estudiante de nombre Tadeo intervino en una audiencia del alcalde a los j\u00f3venes del CBTIS-71 el viernes pasado, con micr\u00f3fono en mano pidi\u00f3 m\u00e1s limpieza en el Parque Cultural y menos contaminaci\u00f3n en La Laguna La Escondida.<\/p>\n<p>\u201cLo que es el Parque Cultural y La Laguna son del Gobierno del Estado, que dependen del gobernador, nosotros como Municipio hemos mandado una solicitud para que nos la entregue en comodato y de esa manera tambi\u00e9n poder darle mantenimiento, porque no depende de nosotros, pero creemos que podemos hacer un buen trabajo para poder darle un mantenimiento m\u00e1s recurrente\u201d, reconoci\u00f3 Pe\u00f1a.<\/p>\n<p>Este domingo por la ma\u00f1ana la ruta de los 5K de la Carrera Burgos abarcaba trayecto del parque Cultural, Centro de Convenciones y el malec\u00f3n, pero muchos corredores cortaron camino antes del retorno al pasar por una descarga de aguas negras a La Laguna, por el insoportable mal olor.<\/p>\n<p>Adem\u00e1s el lirio acu\u00e1tico crece quit\u00e1ndole ox\u00edgeno al agua del vaso lagunar y afectando la fauna que habita all\u00ed.<\/p>\n<p><img loading=\"lazy\" decoding=\"async\" class=\"aligncenter size-full wp-image-181219\" src=\"https:\/\/www.buroperiodistico.com.mx\/wp-content\/uploads\/2025\/10\/Quierex-I.jpeg\" alt=\"\" width=\"640\" height=\"427\" srcset=\"https:\/\/www.buroperiodistico.com.mx\/wp-content\/uploads\/2025\/10\/Quierex-I.jpeg 640w, https:\/\/www.buroperiodistico.com.mx\/wp-content\/uploads\/2025\/10\/Quierex-I-300x200.jpeg 300w\" sizes=\"auto, (max-width: 640px) 100vw, 640px\" \/> <img loading=\"lazy\" decoding=\"async\" class=\"aligncenter size-full wp-image-181220\" src=\"https:\/\/www.buroperiodistico.com.mx\/wp-content\/uploads\/2025\/10\/Quierex-II.jpeg\" alt=\"\" width=\"640\" height=\"427\" srcset=\"https:\/\/www.buroperiodistico.com.mx\/wp-content\/uploads\/2025\/10\/Quierex-II.jpeg 640w, https:\/\/www.buroperiodistico.com.mx\/wp-content\/uploads\/2025\/10\/Quierex-II-300x200.jpeg 300w\" sizes=\"auto, (max-width: 640px) 100vw, 640px\" \/><\/p>\n","protected":false},"excerpt":{"rendered":"<p>REYNOSA, TAM.- (Octubre 03, de 2025).- El gobierno de Reynosa pretende que el gobierno estatal&#8230;<\/p>\n","protected":false},"author":1,"featured_media":181221,"comment_status":"closed","ping_status":"closed","sticky":false,"template":"","format":"standard","meta":{"footnotes":"","jetpack_publicize_message":"","jetpack_publicize_feature_enabled":true,"jetpack_social_post_already_shared":true,"jetpack_social_options":{"image_generator_settings":{"template":"highway","default_image_id":0,"font":"","enabled":false},"version":2}},"categories":[9],"tags":[],"class_list":["post-181218","post","type-post","status-publish","format-standard","has-post-thumbnail","hentry","category-reynosa"],"jetpack_publicize_connections":[],"_links":{"self":[{"href":"https:\/\/www.buroperiodistico.com.mx\/index.php?rest_route=\/wp\/v2\/posts\/181218","targetHints":{"allow":["GET"]}}],"collection":[{"href":"https:\/\/www.buroperiodistico.com.mx\/index.php?rest_route=\/wp\/v2\/posts"}],"about":[{"href":"https:\/\/www.buroperiodistico.com.mx\/index.php?rest_route=\/wp\/v2\/types\/post"}],"author":[{"embeddable":true,"href":"https:\/\/www.buroperiodistico.com.mx\/index.php?rest_route=\/wp\/v2\/users\/1"}],"replies":[{"embeddable":true,"href":"https:\/\/www.buroperiodistico.com.mx\/index.php?rest_route=%2Fwp%2Fv2%2Fcomments&post=181218"}],"version-history":[{"count":0,"href":"https:\/\/www.buroperiodistico.com.mx\/index.php?rest_route=\/wp\/v2\/posts\/181218\/revisions"}],"wp:featuredmedia":[{"embeddable":true,"href":"https:\/\/www.buroperiodistico.com.mx\/index.php?rest_route=\/wp\/v2\/media\/181221"}],"wp:attachment":[{"href":"https:\/\/www.buroperiodistico.com.mx\/index.php?rest_route=%2Fwp%2Fv2%2Fmedia&parent=181218"}],"wp:term":[{"taxonomy":"category","embeddable":true,"href":"https:\/\/www.buroperiodistico.com.mx\/index.php?rest_route=%2Fwp%2Fv2%2Fcategories&post=181218"},{"taxonomy":"post_tag","embeddable":true,"href":"https:\/\/www.buroperiodistico.com.mx\/index.php?rest_route=%2Fwp%2Fv2%2Ftags&post=181218"}],"curies":[{"name":"wp","href":"https:\/\/api.w.org\/{rel}","templated":true}]}}