{"id":181202,"date":"2025-10-04T23:10:34","date_gmt":"2025-10-05T04:10:34","guid":{"rendered":"https:\/\/www.buroperiodistico.com.mx\/?p=181202"},"modified":"2025-10-04T23:10:34","modified_gmt":"2025-10-05T04:10:34","slug":"recibio-alcalde-carlos-pena-ortiz-a-visitantes-del-moto-fest-internacional-reynosa-2025","status":"publish","type":"post","link":"https:\/\/www.buroperiodistico.com.mx\/?p=181202","title":{"rendered":"Recibi\u00f3 Alcalde Carlos Pe\u00f1a Ortiz a visitantes del \u00abMoto Fest Internacional Reynosa 2025\u00bb"},"content":{"rendered":"<p><em><strong><img loading=\"lazy\" decoding=\"async\" class=\" wp-image-181210 alignright\" src=\"https:\/\/www.buroperiodistico.com.mx\/wp-content\/uploads\/2025\/10\/Motox.jpeg\" alt=\"\" width=\"518\" height=\"326\" srcset=\"https:\/\/www.buroperiodistico.com.mx\/wp-content\/uploads\/2025\/10\/Motox.jpeg 1024w, https:\/\/www.buroperiodistico.com.mx\/wp-content\/uploads\/2025\/10\/Motox-300x189.jpeg 300w, https:\/\/www.buroperiodistico.com.mx\/wp-content\/uploads\/2025\/10\/Motox-768x484.jpeg 768w\" sizes=\"auto, (max-width: 518px) 100vw, 518px\" \/>Reynosa, Tam (4-Octubre-2025).-<\/strong><\/em> \u00abMoto Fest Internacional Reynosa 2025\u00bb fue un evento presidido por Carlos Pe\u00f1a Ortiz en el Polideportivo, donde se concentraron m\u00e1s de 1,000 motociclistas de Tamaulipas, Nuevo Le\u00f3n, Texas, Las Vegas y La Florida, deleitando con su exhibici\u00f3n de m\u00e1quinas, show para las familias reynosenses y la emocionante rifa de una motocicleta.<\/p>\n<p>Junto con Reynaldo Santana, presidente de la Confederaci\u00f3n de Autos Unidos por Tamaulipas, el Alcalde y la Coordinadora de Turismo y Comercio, Sandra Elizabeth Garza Faz, hicieron un recorrido para saludar a los participantes de la concentraci\u00f3n, quienes previamente realizaron una rodada por la ciudad, para luego entregar un reconocimiento al Presidente Municipal por su apoyo.<\/p>\n<p>Con la gu\u00eda de Alejandro Gal\u00e1n Michel, Comisario Internacional del Escuadr\u00f3n de Acrobacia Cl\u00e1sica y la Confederaci\u00f3n Internacional de Motociclistas Oficiales y Polic\u00edas de Caminos, los asistentes disfrutaron este s\u00e1bado 4 de octubre de un show de impresionantes acrobacias, adem\u00e1s de locales gastron\u00f3micos y m\u00fasica en vivo.<\/p>\n<p>#ReynosaImparable<br \/>\n#GobiernoMunicipalDeReynosa<\/p>\n<p><img loading=\"lazy\" decoding=\"async\" class=\"aligncenter size-full wp-image-181203\" src=\"https:\/\/www.buroperiodistico.com.mx\/wp-content\/uploads\/2025\/10\/Motox-I.jpeg\" alt=\"\" width=\"640\" height=\"427\" srcset=\"https:\/\/www.buroperiodistico.com.mx\/wp-content\/uploads\/2025\/10\/Motox-I.jpeg 640w, https:\/\/www.buroperiodistico.com.mx\/wp-content\/uploads\/2025\/10\/Motox-I-300x200.jpeg 300w\" sizes=\"auto, (max-width: 640px) 100vw, 640px\" \/> <img loading=\"lazy\" decoding=\"async\" class=\"aligncenter size-full wp-image-181209\" src=\"https:\/\/www.buroperiodistico.com.mx\/wp-content\/uploads\/2025\/10\/Motox-IIIIIII.jpeg\" alt=\"\" width=\"640\" height=\"427\" srcset=\"https:\/\/www.buroperiodistico.com.mx\/wp-content\/uploads\/2025\/10\/Motox-IIIIIII.jpeg 640w, https:\/\/www.buroperiodistico.com.mx\/wp-content\/uploads\/2025\/10\/Motox-IIIIIII-300x200.jpeg 300w\" sizes=\"auto, (max-width: 640px) 100vw, 640px\" \/> <img loading=\"lazy\" decoding=\"async\" class=\"aligncenter size-full wp-image-181208\" src=\"https:\/\/www.buroperiodistico.com.mx\/wp-content\/uploads\/2025\/10\/Motox-IIIIII.jpeg\" alt=\"\" width=\"640\" height=\"427\" srcset=\"https:\/\/www.buroperiodistico.com.mx\/wp-content\/uploads\/2025\/10\/Motox-IIIIII.jpeg 640w, https:\/\/www.buroperiodistico.com.mx\/wp-content\/uploads\/2025\/10\/Motox-IIIIII-300x200.jpeg 300w\" sizes=\"auto, (max-width: 640px) 100vw, 640px\" \/> <img loading=\"lazy\" decoding=\"async\" class=\"aligncenter size-full wp-image-181207\" src=\"https:\/\/www.buroperiodistico.com.mx\/wp-content\/uploads\/2025\/10\/Motox-IIIII.jpeg\" alt=\"\" width=\"640\" height=\"427\" srcset=\"https:\/\/www.buroperiodistico.com.mx\/wp-content\/uploads\/2025\/10\/Motox-IIIII.jpeg 640w, https:\/\/www.buroperiodistico.com.mx\/wp-content\/uploads\/2025\/10\/Motox-IIIII-300x200.jpeg 300w\" sizes=\"auto, (max-width: 640px) 100vw, 640px\" \/> <img loading=\"lazy\" decoding=\"async\" class=\"aligncenter size-full wp-image-181206\" src=\"https:\/\/www.buroperiodistico.com.mx\/wp-content\/uploads\/2025\/10\/Motox-IIII.jpeg\" alt=\"\" width=\"640\" height=\"427\" srcset=\"https:\/\/www.buroperiodistico.com.mx\/wp-content\/uploads\/2025\/10\/Motox-IIII.jpeg 640w, https:\/\/www.buroperiodistico.com.mx\/wp-content\/uploads\/2025\/10\/Motox-IIII-300x200.jpeg 300w\" sizes=\"auto, (max-width: 640px) 100vw, 640px\" \/> <img loading=\"lazy\" decoding=\"async\" class=\"aligncenter size-full wp-image-181205\" src=\"https:\/\/www.buroperiodistico.com.mx\/wp-content\/uploads\/2025\/10\/Motox-III.jpeg\" alt=\"\" width=\"640\" height=\"427\" srcset=\"https:\/\/www.buroperiodistico.com.mx\/wp-content\/uploads\/2025\/10\/Motox-III.jpeg 640w, https:\/\/www.buroperiodistico.com.mx\/wp-content\/uploads\/2025\/10\/Motox-III-300x200.jpeg 300w\" sizes=\"auto, (max-width: 640px) 100vw, 640px\" \/> <img loading=\"lazy\" decoding=\"async\" class=\"aligncenter size-full wp-image-181204\" src=\"https:\/\/www.buroperiodistico.com.mx\/wp-content\/uploads\/2025\/10\/Motox-II.jpeg\" alt=\"\" width=\"640\" height=\"427\" srcset=\"https:\/\/www.buroperiodistico.com.mx\/wp-content\/uploads\/2025\/10\/Motox-II.jpeg 640w, https:\/\/www.buroperiodistico.com.mx\/wp-content\/uploads\/2025\/10\/Motox-II-300x200.jpeg 300w\" sizes=\"auto, (max-width: 640px) 100vw, 640px\" \/><\/p>\n","protected":false},"excerpt":{"rendered":"<p>Reynosa, Tam (4-Octubre-2025).- \u00abMoto Fest Internacional Reynosa 2025\u00bb fue un evento presidido por Carlos Pe\u00f1a&#8230;<\/p>\n","protected":false},"author":1,"featured_media":181210,"comment_status":"closed","ping_status":"closed","sticky":false,"template":"","format":"standard","meta":{"footnotes":"","jetpack_publicize_message":"","jetpack_publicize_feature_enabled":true,"jetpack_social_post_already_shared":true,"jetpack_social_options":{"image_generator_settings":{"template":"highway","default_image_id":0,"font":"","enabled":false},"version":2}},"categories":[25,9],"tags":[],"class_list":["post-181202","post","type-post","status-publish","format-standard","has-post-thumbnail","hentry","category-portada","category-reynosa"],"jetpack_publicize_connections":[],"_links":{"self":[{"href":"https:\/\/www.buroperiodistico.com.mx\/index.php?rest_route=\/wp\/v2\/posts\/181202","targetHints":{"allow":["GET"]}}],"collection":[{"href":"https:\/\/www.buroperiodistico.com.mx\/index.php?rest_route=\/wp\/v2\/posts"}],"about":[{"href":"https:\/\/www.buroperiodistico.com.mx\/index.php?rest_route=\/wp\/v2\/types\/post"}],"author":[{"embeddable":true,"href":"https:\/\/www.buroperiodistico.com.mx\/index.php?rest_route=\/wp\/v2\/users\/1"}],"replies":[{"embeddable":true,"href":"https:\/\/www.buroperiodistico.com.mx\/index.php?rest_route=%2Fwp%2Fv2%2Fcomments&post=181202"}],"version-history":[{"count":0,"href":"https:\/\/www.buroperiodistico.com.mx\/index.php?rest_route=\/wp\/v2\/posts\/181202\/revisions"}],"wp:featuredmedia":[{"embeddable":true,"href":"https:\/\/www.buroperiodistico.com.mx\/index.php?rest_route=\/wp\/v2\/media\/181210"}],"wp:attachment":[{"href":"https:\/\/www.buroperiodistico.com.mx\/index.php?rest_route=%2Fwp%2Fv2%2Fmedia&parent=181202"}],"wp:term":[{"taxonomy":"category","embeddable":true,"href":"https:\/\/www.buroperiodistico.com.mx\/index.php?rest_route=%2Fwp%2Fv2%2Fcategories&post=181202"},{"taxonomy":"post_tag","embeddable":true,"href":"https:\/\/www.buroperiodistico.com.mx\/index.php?rest_route=%2Fwp%2Fv2%2Ftags&post=181202"}],"curies":[{"name":"wp","href":"https:\/\/api.w.org\/{rel}","templated":true}]}}