{"id":181197,"date":"2025-10-04T20:45:21","date_gmt":"2025-10-05T01:45:21","guid":{"rendered":"https:\/\/www.buroperiodistico.com.mx\/?p=181197"},"modified":"2025-10-04T20:45:21","modified_gmt":"2025-10-05T01:45:21","slug":"inauguran-en-diaz-ordaz-el-xxxii-festival-internacional-en-la-costa-del-seno-mexicano","status":"publish","type":"post","link":"https:\/\/www.buroperiodistico.com.mx\/?p=181197","title":{"rendered":"Inauguran en D\u00edaz Ordaz, el XXXII Festival Internacional en la Costa del Seno Mexicano"},"content":{"rendered":"<p><em><strong><img loading=\"lazy\" decoding=\"async\" class=\" wp-image-181200 alignright\" src=\"https:\/\/www.buroperiodistico.com.mx\/wp-content\/uploads\/2025\/10\/SETMexicano.jpeg\" alt=\"\" width=\"539\" height=\"344\" srcset=\"https:\/\/www.buroperiodistico.com.mx\/wp-content\/uploads\/2025\/10\/SETMexicano.jpeg 1024w, https:\/\/www.buroperiodistico.com.mx\/wp-content\/uploads\/2025\/10\/SETMexicano-300x192.jpeg 300w, https:\/\/www.buroperiodistico.com.mx\/wp-content\/uploads\/2025\/10\/SETMexicano-768x491.jpeg 768w\" sizes=\"auto, (max-width: 539px) 100vw, 539px\" \/>Gustavo D\u00edaz Ordaz, Tamaulipas (4-Octubre-2025).-<\/strong><\/em> En representaci\u00f3n del gobernador del Estado, Am\u00e9rico Villarreal Anaya, el subsecretario de Educaci\u00f3n Media Superior y Superior de la Secretar\u00eda de EducacI\u00f3n, Igor Crespo Sol\u00eds, presidi\u00f3 la inauguraci\u00f3n del XXXII Festival Internacional en la Costa del Seno Mexicano, celebrada en la Plaza Damas Leonas de D\u00edaz Ordaz.<\/p>\n<p>En su mensaje, el subsecretario destac\u00f3 la relevancia de impulsar la cultura como un elemento de identidad y desarrollo comunitario.<\/p>\n<p>\u201cEste festival es m\u00e1s que un encuentro art\u00edstico: es un espacio que nos recuerda que la educaci\u00f3n y la cultura caminan de la mano para construir una sociedad m\u00e1s justa, m\u00e1s humana y m\u00e1s orgullosa de sus ra\u00edces\u201d, se\u00f1al\u00f3 Crespo Sol\u00eds.<\/p>\n<p>Acompa\u00f1ado por la presidenta municipal, Nataly Garc\u00eda D\u00edaz, as\u00ed como por autoridades municipales y culturales, el subsecretario refrend\u00f3 el compromiso del Gobierno del Estado con el fortalecimiento de las expresiones art\u00edsticas que trascienden fronteras y promueven el intercambio cultural.<\/p>\n<p>Como parte de la ceremonia inaugural, Crespo Sol\u00eds entreg\u00f3, junto con la alcaldesa y el director de Cultura Municipal, un reconocimiento al grupo Warislove por su participaci\u00f3n y aportaci\u00f3n al festival.<\/p>\n<p>El XXXII Festival Internacional en la Costa del Seno Mexicano reafirma el compromiso del gobernador Am\u00e9rico Villarreal Anaya con la cultura y las artes, impulsando espacios que fortalecen la identidad tamaulipeca, promueven la creatividad y consolidan la transformaci\u00f3n humanista que enriquece a nuestra sociedad.<\/p>\n<p><img loading=\"lazy\" decoding=\"async\" class=\"aligncenter size-full wp-image-181198\" src=\"https:\/\/www.buroperiodistico.com.mx\/wp-content\/uploads\/2025\/10\/SETMexicano-I.jpeg\" alt=\"\" width=\"640\" height=\"427\" srcset=\"https:\/\/www.buroperiodistico.com.mx\/wp-content\/uploads\/2025\/10\/SETMexicano-I.jpeg 640w, https:\/\/www.buroperiodistico.com.mx\/wp-content\/uploads\/2025\/10\/SETMexicano-I-300x200.jpeg 300w\" sizes=\"auto, (max-width: 640px) 100vw, 640px\" \/> <img loading=\"lazy\" decoding=\"async\" class=\"aligncenter size-full wp-image-181199\" src=\"https:\/\/www.buroperiodistico.com.mx\/wp-content\/uploads\/2025\/10\/SETMexicano-II.jpeg\" alt=\"\" width=\"640\" height=\"426\" srcset=\"https:\/\/www.buroperiodistico.com.mx\/wp-content\/uploads\/2025\/10\/SETMexicano-II.jpeg 640w, https:\/\/www.buroperiodistico.com.mx\/wp-content\/uploads\/2025\/10\/SETMexicano-II-300x200.jpeg 300w\" sizes=\"auto, (max-width: 640px) 100vw, 640px\" \/><\/p>\n","protected":false},"excerpt":{"rendered":"<p>Gustavo D\u00edaz Ordaz, Tamaulipas (4-Octubre-2025).- En representaci\u00f3n del gobernador del Estado, Am\u00e9rico Villarreal Anaya, el&#8230;<\/p>\n","protected":false},"author":1,"featured_media":181200,"comment_status":"closed","ping_status":"closed","sticky":false,"template":"","format":"standard","meta":{"footnotes":"","jetpack_publicize_message":"","jetpack_publicize_feature_enabled":true,"jetpack_social_post_already_shared":true,"jetpack_social_options":{"image_generator_settings":{"template":"highway","default_image_id":0,"font":"","enabled":false},"version":2}},"categories":[10],"tags":[],"class_list":["post-181197","post","type-post","status-publish","format-standard","has-post-thumbnail","hentry","category-tamaulipas"],"jetpack_publicize_connections":[],"_links":{"self":[{"href":"https:\/\/www.buroperiodistico.com.mx\/index.php?rest_route=\/wp\/v2\/posts\/181197","targetHints":{"allow":["GET"]}}],"collection":[{"href":"https:\/\/www.buroperiodistico.com.mx\/index.php?rest_route=\/wp\/v2\/posts"}],"about":[{"href":"https:\/\/www.buroperiodistico.com.mx\/index.php?rest_route=\/wp\/v2\/types\/post"}],"author":[{"embeddable":true,"href":"https:\/\/www.buroperiodistico.com.mx\/index.php?rest_route=\/wp\/v2\/users\/1"}],"replies":[{"embeddable":true,"href":"https:\/\/www.buroperiodistico.com.mx\/index.php?rest_route=%2Fwp%2Fv2%2Fcomments&post=181197"}],"version-history":[{"count":0,"href":"https:\/\/www.buroperiodistico.com.mx\/index.php?rest_route=\/wp\/v2\/posts\/181197\/revisions"}],"wp:featuredmedia":[{"embeddable":true,"href":"https:\/\/www.buroperiodistico.com.mx\/index.php?rest_route=\/wp\/v2\/media\/181200"}],"wp:attachment":[{"href":"https:\/\/www.buroperiodistico.com.mx\/index.php?rest_route=%2Fwp%2Fv2%2Fmedia&parent=181197"}],"wp:term":[{"taxonomy":"category","embeddable":true,"href":"https:\/\/www.buroperiodistico.com.mx\/index.php?rest_route=%2Fwp%2Fv2%2Fcategories&post=181197"},{"taxonomy":"post_tag","embeddable":true,"href":"https:\/\/www.buroperiodistico.com.mx\/index.php?rest_route=%2Fwp%2Fv2%2Ftags&post=181197"}],"curies":[{"name":"wp","href":"https:\/\/api.w.org\/{rel}","templated":true}]}}