{"id":181177,"date":"2025-10-04T17:58:49","date_gmt":"2025-10-04T22:58:49","guid":{"rendered":"https:\/\/www.buroperiodistico.com.mx\/?p=181177"},"modified":"2025-10-04T17:58:49","modified_gmt":"2025-10-04T22:58:49","slug":"gobierno-municipal-intensifica-vigilancia-y-programas-ecologicos-para-cuidar-el-entorno-y-fortalecer-la-conciencia-ciudadana","status":"publish","type":"post","link":"https:\/\/www.buroperiodistico.com.mx\/?p=181177","title":{"rendered":"GOBIERNO MUNICIPAL INTENSIFICA VIGILANCIA Y PROGRAMAS ECOL\u00d3GICOS PARA CUIDAR EL ENTORNO Y FORTALECER LA CONCIENCIA CIUDADANA"},"content":{"rendered":"<p dir=\"ltr\"><em><strong><img loading=\"lazy\" decoding=\"async\" class=\" wp-image-181180 alignright\" src=\"https:\/\/www.buroperiodistico.com.mx\/wp-content\/uploads\/2025\/10\/MEDIO-AMBIENTE.jpg\" alt=\"\" width=\"509\" height=\"311\" srcset=\"https:\/\/www.buroperiodistico.com.mx\/wp-content\/uploads\/2025\/10\/MEDIO-AMBIENTE.jpg 1024w, https:\/\/www.buroperiodistico.com.mx\/wp-content\/uploads\/2025\/10\/MEDIO-AMBIENTE-300x183.jpg 300w, https:\/\/www.buroperiodistico.com.mx\/wp-content\/uploads\/2025\/10\/MEDIO-AMBIENTE-768x470.jpg 768w\" sizes=\"auto, (max-width: 509px) 100vw, 509px\" \/>Nuevo Laredo, Tam (4-Octubre-2025).-<\/strong><\/em> La Coordinaci\u00f3n de Gesti\u00f3n Ambiental del Gobierno Municipal intensific\u00f3 sus acciones de inspecci\u00f3n y vigilancia en distintos sectores de la ciudad, lo que ha permitido detectar y sancionar pr\u00e1cticas que afectan el entorno y la salud de la ciudadan\u00eda.<\/p>\n<p dir=\"ltr\">Tania Taboada Blanco, titular de la dependencia, inform\u00f3 que recientemente se aplicaron multas a ciudadanos que realizaban descargas de residuos en lugares no autorizados, as\u00ed como a personas que arrojaban aceite automotriz a la v\u00eda p\u00fablica y a una empresa que efectu\u00f3 la poda de \u00e1rboles sin contar con los permisos correspondientes.<\/p>\n<p dir=\"ltr\">\u201cActualmente llevamos 112 multas aplicadas y m\u00e1s de 500 quejas ciudadanas atendidas en lo que va del a\u00f1o. Casos como descargas de agua residuales, tiraderos clandestinos de basura y tala indebida de \u00e1rboles, han sido sancionados conforme al reglamento municipal\u201d, se\u00f1al\u00f3 la funcionaria.<\/p>\n<p dir=\"ltr\">Taboada Blanco se\u00f1al\u00f3 que a dicha empresa se le aplic\u00f3 una multa de 100 UMAS, adem\u00e1s la empresa deber\u00e1 hacer la reposici\u00f3n de los \u00e1rboles talados, destac\u00f3 la importancia de la participaci\u00f3n ciudadana para detectar y denunciar estas irregularidades.<\/p>\n<p dir=\"ltr\">\u201cEs fundamental que la comunidad nos ayude a mantener limpios y seguros los espacios p\u00fablicos. La denuncia ciudadana es clave para que juntos logremos el bienestar de Nuevo Laredo, en el marco de las acciones que encabeza nuestra presidenta municipal Carmen Lilia Canturosas Villarreal\u201d, afirm\u00f3.<\/p>\n<p dir=\"ltr\">Adem\u00e1s de las labores de vigilancia, la Coordinaci\u00f3n de Gesti\u00f3n Ambiental continuar\u00e1 con el programa \u201cArbolando NLD\u201d, con el cual se proyecta sembrar mil 500 \u00e1rboles en lo que resta del a\u00f1o y alcanzar la meta de m\u00e1s de dos mil ejemplares reforestados para finales de 2025.<\/p>\n<p dir=\"ltr\">\u201cCuidar nuestro medio ambiente es responsabilidad de todos, y desde el Gobierno Municipal trabajamos con firmeza para que las nuevas generaciones tengan una ciudad m\u00e1s limpia, verde y sostenible\u201d, concluy\u00f3 Taboada Blanco.<\/p>\n<p dir=\"ltr\"><img loading=\"lazy\" decoding=\"async\" class=\"aligncenter size-full wp-image-181178\" src=\"https:\/\/www.buroperiodistico.com.mx\/wp-content\/uploads\/2025\/10\/MEDIO-AMBIENTE-I.jpg\" alt=\"\" width=\"640\" height=\"360\" srcset=\"https:\/\/www.buroperiodistico.com.mx\/wp-content\/uploads\/2025\/10\/MEDIO-AMBIENTE-I.jpg 640w, https:\/\/www.buroperiodistico.com.mx\/wp-content\/uploads\/2025\/10\/MEDIO-AMBIENTE-I-300x169.jpg 300w\" sizes=\"auto, (max-width: 640px) 100vw, 640px\" \/> <img loading=\"lazy\" decoding=\"async\" class=\"aligncenter size-full wp-image-181179\" src=\"https:\/\/www.buroperiodistico.com.mx\/wp-content\/uploads\/2025\/10\/MEDIO-AMBIENTE-II.jpg\" alt=\"\" width=\"480\" height=\"489\" srcset=\"https:\/\/www.buroperiodistico.com.mx\/wp-content\/uploads\/2025\/10\/MEDIO-AMBIENTE-II.jpg 480w, https:\/\/www.buroperiodistico.com.mx\/wp-content\/uploads\/2025\/10\/MEDIO-AMBIENTE-II-294x300.jpg 294w\" sizes=\"auto, (max-width: 480px) 100vw, 480px\" \/><\/p>\n","protected":false},"excerpt":{"rendered":"<p>Nuevo Laredo, Tam (4-Octubre-2025).- La Coordinaci\u00f3n de Gesti\u00f3n Ambiental del Gobierno Municipal intensific\u00f3 sus acciones&#8230;<\/p>\n","protected":false},"author":1,"featured_media":181180,"comment_status":"closed","ping_status":"closed","sticky":false,"template":"","format":"standard","meta":{"footnotes":"","jetpack_publicize_message":"","jetpack_publicize_feature_enabled":true,"jetpack_social_post_already_shared":true,"jetpack_social_options":{"image_generator_settings":{"template":"highway","default_image_id":0,"font":"","enabled":false},"version":2}},"categories":[16],"tags":[],"class_list":["post-181177","post","type-post","status-publish","format-standard","has-post-thumbnail","hentry","category-nuevolaredo"],"jetpack_publicize_connections":[],"_links":{"self":[{"href":"https:\/\/www.buroperiodistico.com.mx\/index.php?rest_route=\/wp\/v2\/posts\/181177","targetHints":{"allow":["GET"]}}],"collection":[{"href":"https:\/\/www.buroperiodistico.com.mx\/index.php?rest_route=\/wp\/v2\/posts"}],"about":[{"href":"https:\/\/www.buroperiodistico.com.mx\/index.php?rest_route=\/wp\/v2\/types\/post"}],"author":[{"embeddable":true,"href":"https:\/\/www.buroperiodistico.com.mx\/index.php?rest_route=\/wp\/v2\/users\/1"}],"replies":[{"embeddable":true,"href":"https:\/\/www.buroperiodistico.com.mx\/index.php?rest_route=%2Fwp%2Fv2%2Fcomments&post=181177"}],"version-history":[{"count":0,"href":"https:\/\/www.buroperiodistico.com.mx\/index.php?rest_route=\/wp\/v2\/posts\/181177\/revisions"}],"wp:featuredmedia":[{"embeddable":true,"href":"https:\/\/www.buroperiodistico.com.mx\/index.php?rest_route=\/wp\/v2\/media\/181180"}],"wp:attachment":[{"href":"https:\/\/www.buroperiodistico.com.mx\/index.php?rest_route=%2Fwp%2Fv2%2Fmedia&parent=181177"}],"wp:term":[{"taxonomy":"category","embeddable":true,"href":"https:\/\/www.buroperiodistico.com.mx\/index.php?rest_route=%2Fwp%2Fv2%2Fcategories&post=181177"},{"taxonomy":"post_tag","embeddable":true,"href":"https:\/\/www.buroperiodistico.com.mx\/index.php?rest_route=%2Fwp%2Fv2%2Ftags&post=181177"}],"curies":[{"name":"wp","href":"https:\/\/api.w.org\/{rel}","templated":true}]}}