{"id":181171,"date":"2025-10-04T17:55:41","date_gmt":"2025-10-04T22:55:41","guid":{"rendered":"https:\/\/www.buroperiodistico.com.mx\/?p=181171"},"modified":"2025-10-04T17:55:41","modified_gmt":"2025-10-04T22:55:41","slug":"familias-disfrutan-una-tarde-de-arte-y-talento-con-espectaculo-baila-con-las-casas-de-cultura-en-el-parque-viveros","status":"publish","type":"post","link":"https:\/\/www.buroperiodistico.com.mx\/?p=181171","title":{"rendered":"FAMILIAS DISFRUTAN UNA TARDE DE ARTE Y TALENTO CON ESPECT\u00c1CULO \u201cBAILA CON LAS CASAS DE CULTURA\u201d EN EL PARQUE VIVEROS"},"content":{"rendered":"<p><em><strong><img loading=\"lazy\" decoding=\"async\" class=\" wp-image-181174 alignright\" src=\"https:\/\/www.buroperiodistico.com.mx\/wp-content\/uploads\/2025\/10\/FICSM-VIVEROS.jpg\" alt=\"\" width=\"563\" height=\"340\" srcset=\"https:\/\/www.buroperiodistico.com.mx\/wp-content\/uploads\/2025\/10\/FICSM-VIVEROS.jpg 1024w, https:\/\/www.buroperiodistico.com.mx\/wp-content\/uploads\/2025\/10\/FICSM-VIVEROS-300x181.jpg 300w, https:\/\/www.buroperiodistico.com.mx\/wp-content\/uploads\/2025\/10\/FICSM-VIVEROS-768x464.jpg 768w\" sizes=\"auto, (max-width: 563px) 100vw, 563px\" \/>Nuevo Laredo, Tam (4-Octubre-2025).-<\/strong><\/em>\u00a0En el marco del Festival Internacional en la Costa del Seno Mexicano, el Foro Cultural del Parque Viveros se convirti\u00f3 en el escenario de una tarde m\u00e1gica llena de arte, ritmo y talento con la presentaci\u00f3n \u201cBaila con las Casas de Cultura\u201d.<\/p>\n<p dir=\"ltr\">Durante el evento, alumnas y alumnos de las distintas Casas de la Cultura de Nuevo Laredo ofrecieron al p\u00fablico un espect\u00e1culo\u00a0 que uni\u00f3 la danza, la m\u00fasica y la alegr\u00eda familiar en un ambiente de convivencia y esparcimiento.<\/p>\n<p dir=\"ltr\">Las familias asistentes disfrutaron de una jornada cultural al aire libre, donde la energ\u00eda y el entusiasmo de los participantes llenaron el espacio de color y movimiento. Sobre el escenario se presentaron agrupaciones como Eris Dance, con n\u00fameros de danza \u00e1rabe, egipcia e india; los grupos de Danza Moderna, Acrodanza y Contempor\u00e1nea, que interpretaron bailes de sal\u00f3n; as\u00ed como los grupos de Danza Urbana de la Casa de la Cultura Maquila Creativa, quienes ofrecieron un espect\u00e1culo ochentero inspirado en figuras como Madonna y Yuri.<\/p>\n<p dir=\"ltr\">Tambi\u00e9n se cont\u00f3 con la participaci\u00f3n de los grupos de K-POP 1 y 2 de Maquila Creativa, quienes demostraron la fusi\u00f3n cultural entre oriente y occidente, adem\u00e1s del Grupo de Jazz \u201cThe Greatest\u201d y los conjuntos de Hip Hop y Baile de Sal\u00f3n de la Casa de la Cultura Viveros, que pusieron el toque final a una tarde llena de talento local.<\/p>\n<p dir=\"ltr\">El evento cont\u00f3 adem\u00e1s con la presencia de emprendedores y artesanos locales, quienes ofrecieron sus productos en un bazar que acompa\u00f1\u00f3 la jornada art\u00edstica, fortaleciendo as\u00ed el esp\u00edritu de comunidad y apoyo al consumo local.<\/p>\n<p dir=\"ltr\"><img loading=\"lazy\" decoding=\"async\" class=\"aligncenter size-full wp-image-181172\" src=\"https:\/\/www.buroperiodistico.com.mx\/wp-content\/uploads\/2025\/10\/FICSM-VIVEROS-I.jpg\" alt=\"\" width=\"640\" height=\"427\" srcset=\"https:\/\/www.buroperiodistico.com.mx\/wp-content\/uploads\/2025\/10\/FICSM-VIVEROS-I.jpg 640w, https:\/\/www.buroperiodistico.com.mx\/wp-content\/uploads\/2025\/10\/FICSM-VIVEROS-I-300x200.jpg 300w\" sizes=\"auto, (max-width: 640px) 100vw, 640px\" \/> <img loading=\"lazy\" decoding=\"async\" class=\"aligncenter size-full wp-image-181173\" src=\"https:\/\/www.buroperiodistico.com.mx\/wp-content\/uploads\/2025\/10\/FICSM-VIVEROS-II.jpg\" alt=\"\" width=\"640\" height=\"427\" srcset=\"https:\/\/www.buroperiodistico.com.mx\/wp-content\/uploads\/2025\/10\/FICSM-VIVEROS-II.jpg 640w, https:\/\/www.buroperiodistico.com.mx\/wp-content\/uploads\/2025\/10\/FICSM-VIVEROS-II-300x200.jpg 300w\" sizes=\"auto, (max-width: 640px) 100vw, 640px\" \/><\/p>\n","protected":false},"excerpt":{"rendered":"<p>Nuevo Laredo, Tam (4-Octubre-2025).-\u00a0En el marco del Festival Internacional en la Costa del Seno Mexicano,&#8230;<\/p>\n","protected":false},"author":1,"featured_media":181174,"comment_status":"closed","ping_status":"closed","sticky":false,"template":"","format":"standard","meta":{"footnotes":"","jetpack_publicize_message":"","jetpack_publicize_feature_enabled":true,"jetpack_social_post_already_shared":true,"jetpack_social_options":{"image_generator_settings":{"template":"highway","default_image_id":0,"font":"","enabled":false},"version":2}},"categories":[16],"tags":[],"class_list":["post-181171","post","type-post","status-publish","format-standard","has-post-thumbnail","hentry","category-nuevolaredo"],"jetpack_publicize_connections":[],"_links":{"self":[{"href":"https:\/\/www.buroperiodistico.com.mx\/index.php?rest_route=\/wp\/v2\/posts\/181171","targetHints":{"allow":["GET"]}}],"collection":[{"href":"https:\/\/www.buroperiodistico.com.mx\/index.php?rest_route=\/wp\/v2\/posts"}],"about":[{"href":"https:\/\/www.buroperiodistico.com.mx\/index.php?rest_route=\/wp\/v2\/types\/post"}],"author":[{"embeddable":true,"href":"https:\/\/www.buroperiodistico.com.mx\/index.php?rest_route=\/wp\/v2\/users\/1"}],"replies":[{"embeddable":true,"href":"https:\/\/www.buroperiodistico.com.mx\/index.php?rest_route=%2Fwp%2Fv2%2Fcomments&post=181171"}],"version-history":[{"count":0,"href":"https:\/\/www.buroperiodistico.com.mx\/index.php?rest_route=\/wp\/v2\/posts\/181171\/revisions"}],"wp:featuredmedia":[{"embeddable":true,"href":"https:\/\/www.buroperiodistico.com.mx\/index.php?rest_route=\/wp\/v2\/media\/181174"}],"wp:attachment":[{"href":"https:\/\/www.buroperiodistico.com.mx\/index.php?rest_route=%2Fwp%2Fv2%2Fmedia&parent=181171"}],"wp:term":[{"taxonomy":"category","embeddable":true,"href":"https:\/\/www.buroperiodistico.com.mx\/index.php?rest_route=%2Fwp%2Fv2%2Fcategories&post=181171"},{"taxonomy":"post_tag","embeddable":true,"href":"https:\/\/www.buroperiodistico.com.mx\/index.php?rest_route=%2Fwp%2Fv2%2Ftags&post=181171"}],"curies":[{"name":"wp","href":"https:\/\/api.w.org\/{rel}","templated":true}]}}