{"id":181165,"date":"2025-10-04T15:42:12","date_gmt":"2025-10-04T20:42:12","guid":{"rendered":"https:\/\/www.buroperiodistico.com.mx\/?p=181165"},"modified":"2025-10-04T15:42:12","modified_gmt":"2025-10-04T20:42:12","slug":"semilla-de-frijol-tamaulipeco-se-integra-al-programa-alimentacion-para-el-bienestar","status":"publish","type":"post","link":"https:\/\/www.buroperiodistico.com.mx\/?p=181165","title":{"rendered":"Semilla de frijol tamaulipeco se integra al programa Alimentaci\u00f3n para el Bienestar"},"content":{"rendered":"<p><em><strong><img loading=\"lazy\" decoding=\"async\" class=\" wp-image-181166 alignright\" src=\"https:\/\/www.buroperiodistico.com.mx\/wp-content\/uploads\/2025\/10\/SRUBienestar.jpeg\" alt=\"\" width=\"474\" height=\"285\" srcset=\"https:\/\/www.buroperiodistico.com.mx\/wp-content\/uploads\/2025\/10\/SRUBienestar.jpeg 1024w, https:\/\/www.buroperiodistico.com.mx\/wp-content\/uploads\/2025\/10\/SRUBienestar-300x180.jpeg 300w, https:\/\/www.buroperiodistico.com.mx\/wp-content\/uploads\/2025\/10\/SRUBienestar-768x462.jpeg 768w\" sizes=\"auto, (max-width: 474px) 100vw, 474px\" \/>Ciudad Victoria, Tamaulipas (4-Octubre-2025).-<\/strong><\/em> Como parte de las acciones del programa Fomento a la Producci\u00f3n Rural 2025, que impulsa la Secretar\u00eda de Desarrollo Rural, Pesca y Acuacultura, se realiz\u00f3 la entrega de 24.6 toneladas de semilla de frijol, insumo que ser\u00e1 integrado al programa federal Alimentaci\u00f3n para el Bienestar.<\/p>\n<p>El subsecretario de Desarrollo Agr\u00edcola, Eliseo Camacho Nieto dijo que esta acci\u00f3n se lleva a cabo en coordinaci\u00f3n con la presidenta municipal de Abasolo, Yazm\u00edn Alejandra Salda\u00f1a P\u00e9rez, quien ha sido una aliada clave en la implementaci\u00f3n de estrategias de desarrollo rural y atenci\u00f3n alimentaria en la regi\u00f3n.<\/p>\n<p>El programa Alimentaci\u00f3n para el Bienestar tiene como objetivo favorecer el acceso a alimentos nutritivos y de calidad para mujeres de entre 50 y 64 a\u00f1os de edad que habiten en el Estado de M\u00e9xico y se encuentren en situaci\u00f3n de pobreza, pobreza extrema o carencia por acceso a la alimentaci\u00f3n, as\u00ed como para personas que enfrenten situaciones de contingencia.<\/p>\n<p>A trav\u00e9s de la entrega de canastas alimentarias y servicios integrales para el bienestar, se busca garantizar una mejora sustancial en la calidad de vida de estos sectores de la poblaci\u00f3n.<\/p>\n<p>Con la inclusi\u00f3n de esta semilla tamaulipeca en el programa, se refuerza la visi\u00f3n integral de fortalecer la producci\u00f3n rural y la seguridad alimentaria, impactando directamente en el bienestar de las comunidades m\u00e1s vulnerables.<\/p>\n<p>El funcionario se\u00f1al\u00f3 que la Secretar\u00eda de Desarrollo Rural, Pesca y Acuacultura reafirma su compromiso de trabajar de manera coordinada con los municipios, el gobierno federal y la sociedad, para seguir construyendo un campo m\u00e1s productivo, justo y solidario.<\/p>\n","protected":false},"excerpt":{"rendered":"<p>Ciudad Victoria, Tamaulipas (4-Octubre-2025).- Como parte de las acciones del programa Fomento a la Producci\u00f3n&#8230;<\/p>\n","protected":false},"author":1,"featured_media":181166,"comment_status":"closed","ping_status":"closed","sticky":false,"template":"","format":"standard","meta":{"footnotes":"","jetpack_publicize_message":"","jetpack_publicize_feature_enabled":true,"jetpack_social_post_already_shared":true,"jetpack_social_options":{"image_generator_settings":{"template":"highway","default_image_id":0,"font":"","enabled":false},"version":2}},"categories":[10],"tags":[],"class_list":["post-181165","post","type-post","status-publish","format-standard","has-post-thumbnail","hentry","category-tamaulipas"],"jetpack_publicize_connections":[],"_links":{"self":[{"href":"https:\/\/www.buroperiodistico.com.mx\/index.php?rest_route=\/wp\/v2\/posts\/181165","targetHints":{"allow":["GET"]}}],"collection":[{"href":"https:\/\/www.buroperiodistico.com.mx\/index.php?rest_route=\/wp\/v2\/posts"}],"about":[{"href":"https:\/\/www.buroperiodistico.com.mx\/index.php?rest_route=\/wp\/v2\/types\/post"}],"author":[{"embeddable":true,"href":"https:\/\/www.buroperiodistico.com.mx\/index.php?rest_route=\/wp\/v2\/users\/1"}],"replies":[{"embeddable":true,"href":"https:\/\/www.buroperiodistico.com.mx\/index.php?rest_route=%2Fwp%2Fv2%2Fcomments&post=181165"}],"version-history":[{"count":0,"href":"https:\/\/www.buroperiodistico.com.mx\/index.php?rest_route=\/wp\/v2\/posts\/181165\/revisions"}],"wp:featuredmedia":[{"embeddable":true,"href":"https:\/\/www.buroperiodistico.com.mx\/index.php?rest_route=\/wp\/v2\/media\/181166"}],"wp:attachment":[{"href":"https:\/\/www.buroperiodistico.com.mx\/index.php?rest_route=%2Fwp%2Fv2%2Fmedia&parent=181165"}],"wp:term":[{"taxonomy":"category","embeddable":true,"href":"https:\/\/www.buroperiodistico.com.mx\/index.php?rest_route=%2Fwp%2Fv2%2Fcategories&post=181165"},{"taxonomy":"post_tag","embeddable":true,"href":"https:\/\/www.buroperiodistico.com.mx\/index.php?rest_route=%2Fwp%2Fv2%2Ftags&post=181165"}],"curies":[{"name":"wp","href":"https:\/\/api.w.org\/{rel}","templated":true}]}}