{"id":181149,"date":"2025-10-04T15:22:14","date_gmt":"2025-10-04T20:22:14","guid":{"rendered":"https:\/\/www.buroperiodistico.com.mx\/?p=181149"},"modified":"2025-10-04T15:22:14","modified_gmt":"2025-10-04T20:22:14","slug":"entrego-carlos-pena-ortiz-donativo-para-refugio-de-mascotas-en-reynosa","status":"publish","type":"post","link":"https:\/\/www.buroperiodistico.com.mx\/?p=181149","title":{"rendered":"Entreg\u00f3 Carlos Pe\u00f1a Ortiz donativo para refugio de mascotas en Reynosa"},"content":{"rendered":"<p><em><strong><img loading=\"lazy\" decoding=\"async\" class=\" wp-image-181152 alignright\" src=\"https:\/\/www.buroperiodistico.com.mx\/wp-content\/uploads\/2025\/10\/Alcalx.jpeg\" alt=\"\" width=\"534\" height=\"336\" srcset=\"https:\/\/www.buroperiodistico.com.mx\/wp-content\/uploads\/2025\/10\/Alcalx.jpeg 1024w, https:\/\/www.buroperiodistico.com.mx\/wp-content\/uploads\/2025\/10\/Alcalx-300x189.jpeg 300w, https:\/\/www.buroperiodistico.com.mx\/wp-content\/uploads\/2025\/10\/Alcalx-768x483.jpeg 768w\" sizes=\"auto, (max-width: 534px) 100vw, 534px\" \/>Reynosa, Tam (4-Octubre-2025).-<\/strong><\/em> Conmemorando el D\u00eda Internacional de los Animales, el Presidente Municipal Carlos Pe\u00f1a Ortiz entreg\u00f3 una donaci\u00f3n de m\u00e1s de 2.5 toneladas de alimento para perros y gatos a la Fundaci\u00f3n Rescate y Adopci\u00f3n de Mascotas, FRYAM.<\/p>\n<p>\u00abHoy reafirmamos nuestro compromiso con el cuidado y la protecci\u00f3n de quienes tambi\u00e9n son parte de nuestras familias y nuestras vidas, por eso con gran alegr\u00eda hicimos la donaci\u00f3n de m\u00e1s de 2.5 toneladas de alimento\u00bb, dijo el Alcalde.<\/p>\n<p>El Alcalde calific\u00f3 a FRYAM como un refugio que con amor y entrega cuida a nuestros animalitos m\u00e1s vulnerables e hizo una invitaci\u00f3n general a que todos respetemos, cuidemos y protejamos a cada ser vivo que comparte este mundo con nosotros.<\/p>\n<p>#ReynosaImparable<br \/>\n#GobiernoMunicipalDeReynosa<\/p>\n<p><img loading=\"lazy\" decoding=\"async\" class=\"aligncenter size-full wp-image-181150\" src=\"https:\/\/www.buroperiodistico.com.mx\/wp-content\/uploads\/2025\/10\/Alcalx-I.jpeg\" alt=\"\" width=\"640\" height=\"427\" srcset=\"https:\/\/www.buroperiodistico.com.mx\/wp-content\/uploads\/2025\/10\/Alcalx-I.jpeg 640w, https:\/\/www.buroperiodistico.com.mx\/wp-content\/uploads\/2025\/10\/Alcalx-I-300x200.jpeg 300w\" sizes=\"auto, (max-width: 640px) 100vw, 640px\" \/> <img loading=\"lazy\" decoding=\"async\" class=\"aligncenter size-full wp-image-181151\" src=\"https:\/\/www.buroperiodistico.com.mx\/wp-content\/uploads\/2025\/10\/Alcalx-II.jpeg\" alt=\"\" width=\"640\" height=\"427\" srcset=\"https:\/\/www.buroperiodistico.com.mx\/wp-content\/uploads\/2025\/10\/Alcalx-II.jpeg 640w, https:\/\/www.buroperiodistico.com.mx\/wp-content\/uploads\/2025\/10\/Alcalx-II-300x200.jpeg 300w\" sizes=\"auto, (max-width: 640px) 100vw, 640px\" \/><\/p>\n","protected":false},"excerpt":{"rendered":"<p>Reynosa, Tam (4-Octubre-2025).- Conmemorando el D\u00eda Internacional de los Animales, el Presidente Municipal Carlos Pe\u00f1a&#8230;<\/p>\n","protected":false},"author":1,"featured_media":181152,"comment_status":"closed","ping_status":"closed","sticky":false,"template":"","format":"standard","meta":{"footnotes":"","jetpack_publicize_message":"","jetpack_publicize_feature_enabled":true,"jetpack_social_post_already_shared":true,"jetpack_social_options":{"image_generator_settings":{"template":"highway","default_image_id":0,"font":"","enabled":false},"version":2}},"categories":[25,9],"tags":[],"class_list":["post-181149","post","type-post","status-publish","format-standard","has-post-thumbnail","hentry","category-portada","category-reynosa"],"jetpack_publicize_connections":[],"_links":{"self":[{"href":"https:\/\/www.buroperiodistico.com.mx\/index.php?rest_route=\/wp\/v2\/posts\/181149","targetHints":{"allow":["GET"]}}],"collection":[{"href":"https:\/\/www.buroperiodistico.com.mx\/index.php?rest_route=\/wp\/v2\/posts"}],"about":[{"href":"https:\/\/www.buroperiodistico.com.mx\/index.php?rest_route=\/wp\/v2\/types\/post"}],"author":[{"embeddable":true,"href":"https:\/\/www.buroperiodistico.com.mx\/index.php?rest_route=\/wp\/v2\/users\/1"}],"replies":[{"embeddable":true,"href":"https:\/\/www.buroperiodistico.com.mx\/index.php?rest_route=%2Fwp%2Fv2%2Fcomments&post=181149"}],"version-history":[{"count":0,"href":"https:\/\/www.buroperiodistico.com.mx\/index.php?rest_route=\/wp\/v2\/posts\/181149\/revisions"}],"wp:featuredmedia":[{"embeddable":true,"href":"https:\/\/www.buroperiodistico.com.mx\/index.php?rest_route=\/wp\/v2\/media\/181152"}],"wp:attachment":[{"href":"https:\/\/www.buroperiodistico.com.mx\/index.php?rest_route=%2Fwp%2Fv2%2Fmedia&parent=181149"}],"wp:term":[{"taxonomy":"category","embeddable":true,"href":"https:\/\/www.buroperiodistico.com.mx\/index.php?rest_route=%2Fwp%2Fv2%2Fcategories&post=181149"},{"taxonomy":"post_tag","embeddable":true,"href":"https:\/\/www.buroperiodistico.com.mx\/index.php?rest_route=%2Fwp%2Fv2%2Ftags&post=181149"}],"curies":[{"name":"wp","href":"https:\/\/api.w.org\/{rel}","templated":true}]}}