{"id":181139,"date":"2025-10-04T14:31:50","date_gmt":"2025-10-04T19:31:50","guid":{"rendered":"https:\/\/www.buroperiodistico.com.mx\/?p=181139"},"modified":"2025-10-04T14:31:50","modified_gmt":"2025-10-04T19:31:50","slug":"vivio-reynosa-apasionante-tarde-de-beisbol-de-la-lmb-aaa-con-venados-de-mazatlan-y-la-seleccion-local","status":"publish","type":"post","link":"https:\/\/www.buroperiodistico.com.mx\/?p=181139","title":{"rendered":"Vivi\u00f3 Reynosa apasionante tarde de beisbol de la LMB \u00abAAA\u00bb con Venados de Mazatl\u00e1n y la Selecci\u00f3n local"},"content":{"rendered":"<p><em><strong><img loading=\"lazy\" decoding=\"async\" class=\" wp-image-181147 alignright\" src=\"https:\/\/www.buroperiodistico.com.mx\/wp-content\/uploads\/2025\/10\/LMBx.jpeg\" alt=\"\" width=\"495\" height=\"311\" srcset=\"https:\/\/www.buroperiodistico.com.mx\/wp-content\/uploads\/2025\/10\/LMBx.jpeg 1024w, https:\/\/www.buroperiodistico.com.mx\/wp-content\/uploads\/2025\/10\/LMBx-300x188.jpeg 300w, https:\/\/www.buroperiodistico.com.mx\/wp-content\/uploads\/2025\/10\/LMBx-768x482.jpeg 768w\" sizes=\"auto, (max-width: 495px) 100vw, 495px\" \/>Reynosa, Tam (4-Octubre-2025).-<\/strong><\/em> Reynosa vivi\u00f3 una gran tardeada beisbolera; el Alcalde Carlos Pe\u00f1a Ortiz, acompa\u00f1ado por su esposa Alejandra Yelitza Garza, convivi\u00f3 con la afici\u00f3n en el majestuoso y renovado parque Adolfo L\u00f3pez Mateos, el del campeonato nacional \u00abAAA\u00bb hace 56 a\u00f1os, fecha deportiva hist\u00f3rica de los Broncos, un mes de agosto, despu\u00e9s del viaje de Apolo 11.<\/p>\n<p>El entusiasmo vibr\u00f3 de nuevo con un equipo de la Liga Mexicana de Beisbol \u00abAAA\u00bb, lanzando y bateando en el diamante en el que han jugado grandes: como Miguel Sotelo, Ra\u00fal \u00abEl Chato\u00bb Montoya, H\u00e9ctor Espino, \u00abEl Houston\u00bb Jim\u00e9nez, Clemente Rosas \u00abEl Bronco de Hierro\u00bb, Guadalupe \u00abEl Bronquito\u00bb Leal, y Juan Trevi\u00f1o, entre otros destacados peloteros.<\/p>\n<p>La afici\u00f3n pide y sabe que esta cerca la posibilidad de que Reynosa cuente de nuevo con un equipo de la \u00abAAA\u00bb, como los Venados de Mazatl\u00e1n que se enfrentaron a la Selecci\u00f3n de Beisbol de Reynosa en un respetable juego en que ambos conjuntos defendieron su honra.<\/p>\n<p>Fue un duro encuentro en el que se impuso el equipo costero, Venados, a la selecci\u00f3n reynosense, en pizarra de 4-2, que sin duda es orgullo ganar con 4 pero tambi\u00e9n nobleza recibir dos carreras a cuadro completo de un equipo amateur, equipo hecho con la mejor madera la de los fronterizos de garra y golpe, la de los leales a los Broncos.<\/p>\n<p>#ReynosaImparable<br \/>\n#GobiernoMunicipalDeReynosa<\/p>\n<p><img loading=\"lazy\" decoding=\"async\" class=\"aligncenter size-full wp-image-181140\" src=\"https:\/\/www.buroperiodistico.com.mx\/wp-content\/uploads\/2025\/10\/LMBx-I.jpeg\" alt=\"\" width=\"640\" height=\"427\" srcset=\"https:\/\/www.buroperiodistico.com.mx\/wp-content\/uploads\/2025\/10\/LMBx-I.jpeg 640w, https:\/\/www.buroperiodistico.com.mx\/wp-content\/uploads\/2025\/10\/LMBx-I-300x200.jpeg 300w\" sizes=\"auto, (max-width: 640px) 100vw, 640px\" \/> <img loading=\"lazy\" decoding=\"async\" class=\"aligncenter size-full wp-image-181146\" src=\"https:\/\/www.buroperiodistico.com.mx\/wp-content\/uploads\/2025\/10\/LMBx-IIIIIII.jpeg\" alt=\"\" width=\"640\" height=\"427\" srcset=\"https:\/\/www.buroperiodistico.com.mx\/wp-content\/uploads\/2025\/10\/LMBx-IIIIIII.jpeg 640w, https:\/\/www.buroperiodistico.com.mx\/wp-content\/uploads\/2025\/10\/LMBx-IIIIIII-300x200.jpeg 300w\" sizes=\"auto, (max-width: 640px) 100vw, 640px\" \/> <img loading=\"lazy\" decoding=\"async\" class=\"aligncenter size-full wp-image-181145\" src=\"https:\/\/www.buroperiodistico.com.mx\/wp-content\/uploads\/2025\/10\/LMBx-IIIIII.jpeg\" alt=\"\" width=\"640\" height=\"427\" srcset=\"https:\/\/www.buroperiodistico.com.mx\/wp-content\/uploads\/2025\/10\/LMBx-IIIIII.jpeg 640w, https:\/\/www.buroperiodistico.com.mx\/wp-content\/uploads\/2025\/10\/LMBx-IIIIII-300x200.jpeg 300w\" sizes=\"auto, (max-width: 640px) 100vw, 640px\" \/> <img loading=\"lazy\" decoding=\"async\" class=\"aligncenter size-full wp-image-181144\" src=\"https:\/\/www.buroperiodistico.com.mx\/wp-content\/uploads\/2025\/10\/LMBx-IIIII.jpeg\" alt=\"\" width=\"640\" height=\"427\" srcset=\"https:\/\/www.buroperiodistico.com.mx\/wp-content\/uploads\/2025\/10\/LMBx-IIIII.jpeg 640w, https:\/\/www.buroperiodistico.com.mx\/wp-content\/uploads\/2025\/10\/LMBx-IIIII-300x200.jpeg 300w\" sizes=\"auto, (max-width: 640px) 100vw, 640px\" \/> <img loading=\"lazy\" decoding=\"async\" class=\"aligncenter size-full wp-image-181143\" src=\"https:\/\/www.buroperiodistico.com.mx\/wp-content\/uploads\/2025\/10\/LMBx-IIII.jpeg\" alt=\"\" width=\"640\" height=\"427\" srcset=\"https:\/\/www.buroperiodistico.com.mx\/wp-content\/uploads\/2025\/10\/LMBx-IIII.jpeg 640w, https:\/\/www.buroperiodistico.com.mx\/wp-content\/uploads\/2025\/10\/LMBx-IIII-300x200.jpeg 300w\" sizes=\"auto, (max-width: 640px) 100vw, 640px\" \/> <img loading=\"lazy\" decoding=\"async\" class=\"aligncenter size-full wp-image-181142\" src=\"https:\/\/www.buroperiodistico.com.mx\/wp-content\/uploads\/2025\/10\/LMBx-III.jpeg\" alt=\"\" width=\"640\" height=\"427\" srcset=\"https:\/\/www.buroperiodistico.com.mx\/wp-content\/uploads\/2025\/10\/LMBx-III.jpeg 640w, https:\/\/www.buroperiodistico.com.mx\/wp-content\/uploads\/2025\/10\/LMBx-III-300x200.jpeg 300w\" sizes=\"auto, (max-width: 640px) 100vw, 640px\" \/> <img loading=\"lazy\" decoding=\"async\" class=\"aligncenter size-full wp-image-181141\" src=\"https:\/\/www.buroperiodistico.com.mx\/wp-content\/uploads\/2025\/10\/LMBx-II.jpeg\" alt=\"\" width=\"640\" height=\"427\" srcset=\"https:\/\/www.buroperiodistico.com.mx\/wp-content\/uploads\/2025\/10\/LMBx-II.jpeg 640w, https:\/\/www.buroperiodistico.com.mx\/wp-content\/uploads\/2025\/10\/LMBx-II-300x200.jpeg 300w\" sizes=\"auto, (max-width: 640px) 100vw, 640px\" \/><\/p>\n","protected":false},"excerpt":{"rendered":"<p>Reynosa, Tam (4-Octubre-2025).- Reynosa vivi\u00f3 una gran tardeada beisbolera; el Alcalde Carlos Pe\u00f1a Ortiz, acompa\u00f1ado&#8230;<\/p>\n","protected":false},"author":1,"featured_media":181147,"comment_status":"closed","ping_status":"closed","sticky":false,"template":"","format":"standard","meta":{"footnotes":"","jetpack_publicize_message":"","jetpack_publicize_feature_enabled":true,"jetpack_social_post_already_shared":true,"jetpack_social_options":{"image_generator_settings":{"template":"highway","default_image_id":0,"font":"","enabled":false},"version":2}},"categories":[25,9],"tags":[],"class_list":["post-181139","post","type-post","status-publish","format-standard","has-post-thumbnail","hentry","category-portada","category-reynosa"],"jetpack_publicize_connections":[],"_links":{"self":[{"href":"https:\/\/www.buroperiodistico.com.mx\/index.php?rest_route=\/wp\/v2\/posts\/181139","targetHints":{"allow":["GET"]}}],"collection":[{"href":"https:\/\/www.buroperiodistico.com.mx\/index.php?rest_route=\/wp\/v2\/posts"}],"about":[{"href":"https:\/\/www.buroperiodistico.com.mx\/index.php?rest_route=\/wp\/v2\/types\/post"}],"author":[{"embeddable":true,"href":"https:\/\/www.buroperiodistico.com.mx\/index.php?rest_route=\/wp\/v2\/users\/1"}],"replies":[{"embeddable":true,"href":"https:\/\/www.buroperiodistico.com.mx\/index.php?rest_route=%2Fwp%2Fv2%2Fcomments&post=181139"}],"version-history":[{"count":0,"href":"https:\/\/www.buroperiodistico.com.mx\/index.php?rest_route=\/wp\/v2\/posts\/181139\/revisions"}],"wp:featuredmedia":[{"embeddable":true,"href":"https:\/\/www.buroperiodistico.com.mx\/index.php?rest_route=\/wp\/v2\/media\/181147"}],"wp:attachment":[{"href":"https:\/\/www.buroperiodistico.com.mx\/index.php?rest_route=%2Fwp%2Fv2%2Fmedia&parent=181139"}],"wp:term":[{"taxonomy":"category","embeddable":true,"href":"https:\/\/www.buroperiodistico.com.mx\/index.php?rest_route=%2Fwp%2Fv2%2Fcategories&post=181139"},{"taxonomy":"post_tag","embeddable":true,"href":"https:\/\/www.buroperiodistico.com.mx\/index.php?rest_route=%2Fwp%2Fv2%2Ftags&post=181139"}],"curies":[{"name":"wp","href":"https:\/\/api.w.org\/{rel}","templated":true}]}}