{"id":180997,"date":"2025-10-03T16:45:03","date_gmt":"2025-10-03T21:45:03","guid":{"rendered":"https:\/\/www.buroperiodistico.com.mx\/?p=180997"},"modified":"2025-10-03T16:45:03","modified_gmt":"2025-10-03T21:45:03","slug":"impulsa-la-uat-divulgacion-de-la-ciencia-con-el-dia-de-la-investigacion","status":"publish","type":"post","link":"https:\/\/www.buroperiodistico.com.mx\/?p=180997","title":{"rendered":"Impulsa la UAT divulgaci\u00f3n de la ciencia con el D\u00eda de la Investigaci\u00f3n"},"content":{"rendered":"<p><em><strong><img loading=\"lazy\" decoding=\"async\" class=\" wp-image-181000 alignright\" src=\"https:\/\/www.buroperiodistico.com.mx\/wp-content\/uploads\/2025\/10\/UATx-1.jpeg\" alt=\"\" width=\"552\" height=\"342\" srcset=\"https:\/\/www.buroperiodistico.com.mx\/wp-content\/uploads\/2025\/10\/UATx-1.jpeg 1024w, https:\/\/www.buroperiodistico.com.mx\/wp-content\/uploads\/2025\/10\/UATx-1-300x186.jpeg 300w, https:\/\/www.buroperiodistico.com.mx\/wp-content\/uploads\/2025\/10\/UATx-1-768x476.jpeg 768w\" sizes=\"auto, (max-width: 552px) 100vw, 552px\" \/>Tampico, Tam (3-Octubre-2025).-<\/strong><\/em> La Universidad Aut\u00f3noma de Tamaulipas (UAT) llev\u00f3 a cabo el D\u00eda de la Investigaci\u00f3n, en el Centro Universitario Sur, con el prop\u00f3sito de fortalecer la investigaci\u00f3n universitaria y fomentar su divulgaci\u00f3n entre la comunidad juvenil de Tamaulipas.<\/p>\n<p>El evento, desarrollado en el Gimnasio Multidisciplinario, reuni\u00f3 alrededor de 100 investigadores universitarios y a m\u00e1s de 300 estudiantes de nivel superior, quienes participaron en din\u00e1micas, recorridos y exposiciones.<\/p>\n<p>La jornada incluy\u00f3 la instalaci\u00f3n de 20 estands, conformados por equipos de investigadores y acad\u00e9micos de distintas facultades del campus Tampico, quienes presentaron proyectos y avances en diversas \u00e1reas del conocimiento, tales como ciencias de la salud, ingenier\u00edas, ciencias sociales y humanidades, dise\u00f1o, arte y sustentabilidad.<\/p>\n<p>Cada propuesta evidenci\u00f3 el impacto de la investigaci\u00f3n universitaria en la atenci\u00f3n de problem\u00e1ticas reales y en el desarrollo de soluciones aplicables a la sociedad.<\/p>\n<p>Las actividades se complementaron con exposiciones interactivas, talleres y din\u00e1micas, orientadas a despertar el inter\u00e9s de las y los estudiantes por la investigaci\u00f3n y la innovaci\u00f3n tecnol\u00f3gica.<\/p>\n<p>En la ceremonia inaugural estuvo, en representaci\u00f3n del rector de la UAT, D\u00e1maso Anaya Alvarado, el secretario de Investigaci\u00f3n y Posgrado, Fernando Leal R\u00edos, quien destac\u00f3 la importancia de organizar estas actividades para invitar a las y los j\u00f3venes a acercarse a la ciencia que genera la casa de estudios como una oportunidad para transformar su entorno.<\/p>\n<p>El D\u00eda de la Investigaci\u00f3n forma parte de las acciones impulsadas por la Secretar\u00eda de Investigaci\u00f3n y Posgrado de la UAT, dando continuidad a la jornada realizada recientemente en Ciudad Victoria, donde tambi\u00e9n se congregaron m\u00e1s de 300 estudiantes de nivel medio superior en actividades de divulgaci\u00f3n cient\u00edfica.<\/p>\n<p>Con estas iniciativas, la UAT reafirma su compromiso de vincular la investigaci\u00f3n con el desarrollo social y de fomentar entre las nuevas generaciones una cultura cient\u00edfica orientada a responder a los retos de Tamaulipas y del pa\u00eds.<\/p>\n<p><img loading=\"lazy\" decoding=\"async\" class=\"aligncenter size-full wp-image-180998\" src=\"https:\/\/www.buroperiodistico.com.mx\/wp-content\/uploads\/2025\/10\/UATx-I-1.jpeg\" alt=\"\" width=\"640\" height=\"427\" srcset=\"https:\/\/www.buroperiodistico.com.mx\/wp-content\/uploads\/2025\/10\/UATx-I-1.jpeg 640w, https:\/\/www.buroperiodistico.com.mx\/wp-content\/uploads\/2025\/10\/UATx-I-1-300x200.jpeg 300w\" sizes=\"auto, (max-width: 640px) 100vw, 640px\" \/> <img loading=\"lazy\" decoding=\"async\" class=\"aligncenter size-full wp-image-180999\" src=\"https:\/\/www.buroperiodistico.com.mx\/wp-content\/uploads\/2025\/10\/UATx-II-1.jpeg\" alt=\"\" width=\"640\" height=\"427\" srcset=\"https:\/\/www.buroperiodistico.com.mx\/wp-content\/uploads\/2025\/10\/UATx-II-1.jpeg 640w, https:\/\/www.buroperiodistico.com.mx\/wp-content\/uploads\/2025\/10\/UATx-II-1-300x200.jpeg 300w\" sizes=\"auto, (max-width: 640px) 100vw, 640px\" \/><\/p>\n","protected":false},"excerpt":{"rendered":"<p>Tampico, Tam (3-Octubre-2025).- La Universidad Aut\u00f3noma de Tamaulipas (UAT) llev\u00f3 a cabo el D\u00eda de&#8230;<\/p>\n","protected":false},"author":1,"featured_media":181000,"comment_status":"closed","ping_status":"closed","sticky":false,"template":"","format":"standard","meta":{"footnotes":"","jetpack_publicize_message":"","jetpack_publicize_feature_enabled":true,"jetpack_social_post_already_shared":true,"jetpack_social_options":{"image_generator_settings":{"template":"highway","default_image_id":0,"font":"","enabled":false},"version":2}},"categories":[25,28],"tags":[],"class_list":["post-180997","post","type-post","status-publish","format-standard","has-post-thumbnail","hentry","category-portada","category-uat"],"jetpack_publicize_connections":[],"_links":{"self":[{"href":"https:\/\/www.buroperiodistico.com.mx\/index.php?rest_route=\/wp\/v2\/posts\/180997","targetHints":{"allow":["GET"]}}],"collection":[{"href":"https:\/\/www.buroperiodistico.com.mx\/index.php?rest_route=\/wp\/v2\/posts"}],"about":[{"href":"https:\/\/www.buroperiodistico.com.mx\/index.php?rest_route=\/wp\/v2\/types\/post"}],"author":[{"embeddable":true,"href":"https:\/\/www.buroperiodistico.com.mx\/index.php?rest_route=\/wp\/v2\/users\/1"}],"replies":[{"embeddable":true,"href":"https:\/\/www.buroperiodistico.com.mx\/index.php?rest_route=%2Fwp%2Fv2%2Fcomments&post=180997"}],"version-history":[{"count":0,"href":"https:\/\/www.buroperiodistico.com.mx\/index.php?rest_route=\/wp\/v2\/posts\/180997\/revisions"}],"wp:featuredmedia":[{"embeddable":true,"href":"https:\/\/www.buroperiodistico.com.mx\/index.php?rest_route=\/wp\/v2\/media\/181000"}],"wp:attachment":[{"href":"https:\/\/www.buroperiodistico.com.mx\/index.php?rest_route=%2Fwp%2Fv2%2Fmedia&parent=180997"}],"wp:term":[{"taxonomy":"category","embeddable":true,"href":"https:\/\/www.buroperiodistico.com.mx\/index.php?rest_route=%2Fwp%2Fv2%2Fcategories&post=180997"},{"taxonomy":"post_tag","embeddable":true,"href":"https:\/\/www.buroperiodistico.com.mx\/index.php?rest_route=%2Fwp%2Fv2%2Ftags&post=180997"}],"curies":[{"name":"wp","href":"https:\/\/api.w.org\/{rel}","templated":true}]}}