{"id":180990,"date":"2025-10-03T16:31:06","date_gmt":"2025-10-03T21:31:06","guid":{"rendered":"https:\/\/www.buroperiodistico.com.mx\/?p=180990"},"modified":"2025-10-03T16:31:06","modified_gmt":"2025-10-03T21:31:06","slug":"mantiene-tamaulipas-alto-nivel-de-ocupacion-laboral-y-supera-la-media-nacional-en-formalidad","status":"publish","type":"post","link":"https:\/\/www.buroperiodistico.com.mx\/?p=180990","title":{"rendered":"Mantiene Tamaulipas alto nivel de ocupaci\u00f3n laboral y supera la media nacional en formalidad"},"content":{"rendered":"<p><em><strong><img loading=\"lazy\" decoding=\"async\" class=\" wp-image-180992 alignright\" src=\"https:\/\/www.buroperiodistico.com.mx\/wp-content\/uploads\/2025\/10\/STRformalidad.jpeg\" alt=\"\" width=\"516\" height=\"318\" srcset=\"https:\/\/www.buroperiodistico.com.mx\/wp-content\/uploads\/2025\/10\/STRformalidad.jpeg 1024w, https:\/\/www.buroperiodistico.com.mx\/wp-content\/uploads\/2025\/10\/STRformalidad-300x185.jpeg 300w, https:\/\/www.buroperiodistico.com.mx\/wp-content\/uploads\/2025\/10\/STRformalidad-768x473.jpeg 768w\" sizes=\"auto, (max-width: 516px) 100vw, 516px\" \/>Ciudad Victoria, Tamaulipas (3-Octubre-2025).-<\/strong><\/em> Tamaulipas consolida su liderazgo en materia laboral al registrar una Poblaci\u00f3n Econ\u00f3micamente Activa, de un mill\u00f3n 690 mil 458 personas, de las cuales el 96.7% se encuentra ocupada, reflejando un panorama positivo en la integraci\u00f3n al mercado de trabajo.<\/p>\n<p>Este indicador confirma la efectividad de las pol\u00edticas impulsadas por el Gobierno del Estado para fortalecer la inclusi\u00f3n laboral y garantizar acceso a empleos dignos. Destaca adem\u00e1s que el 54.4% de la poblaci\u00f3n ocupada se encuentra en empleos formales, superando ampliamente la media nacional del 45.8%, lo que posiciona a Tamaulipas como una de las entidades con mayor dinamismo en la generaci\u00f3n de trabajos seguros y con prestaciones.<\/p>\n<p>La subsecretaria de Empleo y Previsi\u00f3n Social, Carolina Iveth Mart\u00ednez Molano, inform\u00f3 que estas cifras son resultado de las estrategias implementadas para vincular a las y los tamaulipecos con empleos formales, as\u00ed como de los programas que promueven la capacitaci\u00f3n y la intermediaci\u00f3n laboral. Resalt\u00f3 que el objetivo de la subsecretar\u00eda es seguir consolidando un mercado laboral m\u00e1s inclusivo, competitivo y justo.<\/p>\n<p>Este avance ha sido posible gracias al respaldo del secretario del Trabajo y Previsi\u00f3n Social, Luis Gerardo Illoldi Reyes, quien ha impulsado acciones coordinadas con los sectores productivos, fortaleciendo los programas de empleo y la formalizaci\u00f3n laboral en todo el estado.<\/p>\n<p>Por \u00faltimo, dijo que el Gobierno de Tamaulipas, bajo el liderazgo humanista y de transformaci\u00f3n que encabeza el doctor Am\u00e9rico Villarreal Anaya, contin\u00faa trabajando para garantizar que cada persona tenga acceso a un empleo digno, seguro y bien remunerado, contribuyendo as\u00ed al desarrollo econ\u00f3mico y al bienestar de las familias tamaulipecas.<\/p>\n","protected":false},"excerpt":{"rendered":"<p>Ciudad Victoria, Tamaulipas (3-Octubre-2025).- Tamaulipas consolida su liderazgo en materia laboral al registrar una Poblaci\u00f3n&#8230;<\/p>\n","protected":false},"author":1,"featured_media":180992,"comment_status":"closed","ping_status":"closed","sticky":false,"template":"","format":"standard","meta":{"footnotes":"","jetpack_publicize_message":"","jetpack_publicize_feature_enabled":true,"jetpack_social_post_already_shared":true,"jetpack_social_options":{"image_generator_settings":{"template":"highway","default_image_id":0,"font":"","enabled":false},"version":2}},"categories":[10],"tags":[],"class_list":["post-180990","post","type-post","status-publish","format-standard","has-post-thumbnail","hentry","category-tamaulipas"],"jetpack_publicize_connections":[],"_links":{"self":[{"href":"https:\/\/www.buroperiodistico.com.mx\/index.php?rest_route=\/wp\/v2\/posts\/180990","targetHints":{"allow":["GET"]}}],"collection":[{"href":"https:\/\/www.buroperiodistico.com.mx\/index.php?rest_route=\/wp\/v2\/posts"}],"about":[{"href":"https:\/\/www.buroperiodistico.com.mx\/index.php?rest_route=\/wp\/v2\/types\/post"}],"author":[{"embeddable":true,"href":"https:\/\/www.buroperiodistico.com.mx\/index.php?rest_route=\/wp\/v2\/users\/1"}],"replies":[{"embeddable":true,"href":"https:\/\/www.buroperiodistico.com.mx\/index.php?rest_route=%2Fwp%2Fv2%2Fcomments&post=180990"}],"version-history":[{"count":0,"href":"https:\/\/www.buroperiodistico.com.mx\/index.php?rest_route=\/wp\/v2\/posts\/180990\/revisions"}],"wp:featuredmedia":[{"embeddable":true,"href":"https:\/\/www.buroperiodistico.com.mx\/index.php?rest_route=\/wp\/v2\/media\/180992"}],"wp:attachment":[{"href":"https:\/\/www.buroperiodistico.com.mx\/index.php?rest_route=%2Fwp%2Fv2%2Fmedia&parent=180990"}],"wp:term":[{"taxonomy":"category","embeddable":true,"href":"https:\/\/www.buroperiodistico.com.mx\/index.php?rest_route=%2Fwp%2Fv2%2Fcategories&post=180990"},{"taxonomy":"post_tag","embeddable":true,"href":"https:\/\/www.buroperiodistico.com.mx\/index.php?rest_route=%2Fwp%2Fv2%2Ftags&post=180990"}],"curies":[{"name":"wp","href":"https:\/\/api.w.org\/{rel}","templated":true}]}}