{"id":180981,"date":"2025-10-03T16:25:20","date_gmt":"2025-10-03T21:25:20","guid":{"rendered":"https:\/\/www.buroperiodistico.com.mx\/?p=180981"},"modified":"2025-10-03T16:25:20","modified_gmt":"2025-10-03T21:25:20","slug":"asamblea-de-mujeres-voces-por-la-igualdad-y-contra-las-violencias-llega-a-tula-tamaulipas","status":"publish","type":"post","link":"https:\/\/www.buroperiodistico.com.mx\/?p=180981","title":{"rendered":"Asamblea de Mujeres \u201cVoces por la Igualdad y contra las Violencias\u201d llega a Tula, Tamaulipas"},"content":{"rendered":"<p><em><strong><img loading=\"lazy\" decoding=\"async\" class=\" wp-image-180988 alignright\" src=\"https:\/\/www.buroperiodistico.com.mx\/wp-content\/uploads\/2025\/10\/IMTTula.jpeg\" alt=\"\" width=\"532\" height=\"327\" srcset=\"https:\/\/www.buroperiodistico.com.mx\/wp-content\/uploads\/2025\/10\/IMTTula.jpeg 1024w, https:\/\/www.buroperiodistico.com.mx\/wp-content\/uploads\/2025\/10\/IMTTula-300x184.jpeg 300w, https:\/\/www.buroperiodistico.com.mx\/wp-content\/uploads\/2025\/10\/IMTTula-768x472.jpeg 768w\" sizes=\"auto, (max-width: 532px) 100vw, 532px\" \/>Tula, Tamaulipas (3-Octubre-2025).-<\/strong><\/em> Con gran participaci\u00f3n y un ambiente de fuerza, unidad y reflexi\u00f3n, se llev\u00f3 a cabo en el municipio de Tula, la Asamblea de Mujeres \u201cVoces por la Igualdad y contra las Violencias\u201d, un espacio de di\u00e1logo que contin\u00faa recorriendo el estado para escuchar, visibilizar y fortalecer las voces de las mujeres en Tamaulipas, como parte de la encomienda de la presidenta de M\u00e9xico, Claudia Sheinbaum.<\/p>\n<p>Marcia Benavides Villafranca, directora general del Instituto de las Mujeres en Tamaulipas (IMT), destac\u00f3 el inter\u00e9s y la participaci\u00f3n activa de las asistentes, quienes compartieron experiencias, propuestas y demandas en torno a la igualdad sustantiva y la erradicaci\u00f3n de las violencias.<\/p>\n<p>Con el respaldo y la voluntad del gobernador Am\u00e9rico Villarreal Anaya, estas asambleas contin\u00faan consolid\u00e1ndose como un espacio de encuentro y construcci\u00f3n colectiva, donde las voces de las mujeres se escuchan y se convierten en motor de transformaci\u00f3n social. coment\u00f3 Marcia Benavides.<\/p>\n<p>\u201cValoramos profundamente el tiempo de las mujeres, mam\u00e1s, profesionistas, estudiantes y compa\u00f1eras pol\u00edticas que hoy se dieron cita. Este es un espacio para escucharlas, acompa\u00f1arlas y reafirmar que, de parte del gobernador, existe un compromiso firme con las mujeres de Tamaulipas\u201d, expres\u00f3.<\/p>\n<p>\u201cMe pongo a sus \u00f3rdenes para seguir trabajando juntas, alineadas a las pol\u00edticas p\u00fablicas de la Secretar\u00eda de las Mujeres del Gobierno de M\u00e9xico, para la construcci\u00f3n de un estado m\u00e1s justo e incluyente\u201d, a\u00f1adi\u00f3.<\/p>\n<p>Asimismo, agradeci\u00f3 el apoyo del presidente municipal de Tula, Ren\u00e9 Lara Cisneros, y reconoci\u00f3 la presencia y respaldo de Olga Patricia Sosa Ruiz, senadora de la Rep\u00fablica, as\u00ed como de Macarena Inurrigarro de Lara, Yenia Samia Ruiz Balboa, Yuriria Iturbe V\u00e1zquez y Montserrat Arcos Vel\u00e1zquez, quienes, junto con el funcionariado municipal, integrantes del cabildo y del DIF Municipal, refrendaron su compromiso para fortalecer las acciones en favor de la igualdad y el bienestar de las mujeres de Tula.<\/p>\n<p><img loading=\"lazy\" decoding=\"async\" class=\"aligncenter size-full wp-image-180982\" src=\"https:\/\/www.buroperiodistico.com.mx\/wp-content\/uploads\/2025\/10\/IMTTula-I.jpeg\" alt=\"\" width=\"640\" height=\"427\" srcset=\"https:\/\/www.buroperiodistico.com.mx\/wp-content\/uploads\/2025\/10\/IMTTula-I.jpeg 640w, https:\/\/www.buroperiodistico.com.mx\/wp-content\/uploads\/2025\/10\/IMTTula-I-300x200.jpeg 300w\" sizes=\"auto, (max-width: 640px) 100vw, 640px\" \/> <img loading=\"lazy\" decoding=\"async\" class=\"aligncenter size-full wp-image-180987\" src=\"https:\/\/www.buroperiodistico.com.mx\/wp-content\/uploads\/2025\/10\/IMTTula-IIIIII.jpeg\" alt=\"\" width=\"640\" height=\"427\" srcset=\"https:\/\/www.buroperiodistico.com.mx\/wp-content\/uploads\/2025\/10\/IMTTula-IIIIII.jpeg 640w, https:\/\/www.buroperiodistico.com.mx\/wp-content\/uploads\/2025\/10\/IMTTula-IIIIII-300x200.jpeg 300w\" sizes=\"auto, (max-width: 640px) 100vw, 640px\" \/> <img loading=\"lazy\" decoding=\"async\" class=\"aligncenter size-full wp-image-180986\" src=\"https:\/\/www.buroperiodistico.com.mx\/wp-content\/uploads\/2025\/10\/IMTTula-IIIII.jpeg\" alt=\"\" width=\"640\" height=\"427\" srcset=\"https:\/\/www.buroperiodistico.com.mx\/wp-content\/uploads\/2025\/10\/IMTTula-IIIII.jpeg 640w, https:\/\/www.buroperiodistico.com.mx\/wp-content\/uploads\/2025\/10\/IMTTula-IIIII-300x200.jpeg 300w\" sizes=\"auto, (max-width: 640px) 100vw, 640px\" \/> <img loading=\"lazy\" decoding=\"async\" class=\"aligncenter size-full wp-image-180985\" src=\"https:\/\/www.buroperiodistico.com.mx\/wp-content\/uploads\/2025\/10\/IMTTula-IIII.jpeg\" alt=\"\" width=\"640\" height=\"427\" srcset=\"https:\/\/www.buroperiodistico.com.mx\/wp-content\/uploads\/2025\/10\/IMTTula-IIII.jpeg 640w, https:\/\/www.buroperiodistico.com.mx\/wp-content\/uploads\/2025\/10\/IMTTula-IIII-300x200.jpeg 300w\" sizes=\"auto, (max-width: 640px) 100vw, 640px\" \/> <img loading=\"lazy\" decoding=\"async\" class=\"aligncenter size-full wp-image-180984\" src=\"https:\/\/www.buroperiodistico.com.mx\/wp-content\/uploads\/2025\/10\/IMTTula-III.jpeg\" alt=\"\" width=\"640\" height=\"427\" srcset=\"https:\/\/www.buroperiodistico.com.mx\/wp-content\/uploads\/2025\/10\/IMTTula-III.jpeg 640w, https:\/\/www.buroperiodistico.com.mx\/wp-content\/uploads\/2025\/10\/IMTTula-III-300x200.jpeg 300w\" sizes=\"auto, (max-width: 640px) 100vw, 640px\" \/> <img loading=\"lazy\" decoding=\"async\" class=\"aligncenter size-full wp-image-180983\" src=\"https:\/\/www.buroperiodistico.com.mx\/wp-content\/uploads\/2025\/10\/IMTTula-II.jpeg\" alt=\"\" width=\"640\" height=\"427\" srcset=\"https:\/\/www.buroperiodistico.com.mx\/wp-content\/uploads\/2025\/10\/IMTTula-II.jpeg 640w, https:\/\/www.buroperiodistico.com.mx\/wp-content\/uploads\/2025\/10\/IMTTula-II-300x200.jpeg 300w\" sizes=\"auto, (max-width: 640px) 100vw, 640px\" \/><\/p>\n","protected":false},"excerpt":{"rendered":"<p>Tula, Tamaulipas (3-Octubre-2025).- Con gran participaci\u00f3n y un ambiente de fuerza, unidad y reflexi\u00f3n, se&#8230;<\/p>\n","protected":false},"author":1,"featured_media":180988,"comment_status":"closed","ping_status":"closed","sticky":false,"template":"","format":"standard","meta":{"footnotes":"","jetpack_publicize_message":"","jetpack_publicize_feature_enabled":true,"jetpack_social_post_already_shared":true,"jetpack_social_options":{"image_generator_settings":{"template":"highway","default_image_id":0,"font":"","enabled":false},"version":2}},"categories":[10],"tags":[],"class_list":["post-180981","post","type-post","status-publish","format-standard","has-post-thumbnail","hentry","category-tamaulipas"],"jetpack_publicize_connections":[],"_links":{"self":[{"href":"https:\/\/www.buroperiodistico.com.mx\/index.php?rest_route=\/wp\/v2\/posts\/180981","targetHints":{"allow":["GET"]}}],"collection":[{"href":"https:\/\/www.buroperiodistico.com.mx\/index.php?rest_route=\/wp\/v2\/posts"}],"about":[{"href":"https:\/\/www.buroperiodistico.com.mx\/index.php?rest_route=\/wp\/v2\/types\/post"}],"author":[{"embeddable":true,"href":"https:\/\/www.buroperiodistico.com.mx\/index.php?rest_route=\/wp\/v2\/users\/1"}],"replies":[{"embeddable":true,"href":"https:\/\/www.buroperiodistico.com.mx\/index.php?rest_route=%2Fwp%2Fv2%2Fcomments&post=180981"}],"version-history":[{"count":0,"href":"https:\/\/www.buroperiodistico.com.mx\/index.php?rest_route=\/wp\/v2\/posts\/180981\/revisions"}],"wp:featuredmedia":[{"embeddable":true,"href":"https:\/\/www.buroperiodistico.com.mx\/index.php?rest_route=\/wp\/v2\/media\/180988"}],"wp:attachment":[{"href":"https:\/\/www.buroperiodistico.com.mx\/index.php?rest_route=%2Fwp%2Fv2%2Fmedia&parent=180981"}],"wp:term":[{"taxonomy":"category","embeddable":true,"href":"https:\/\/www.buroperiodistico.com.mx\/index.php?rest_route=%2Fwp%2Fv2%2Fcategories&post=180981"},{"taxonomy":"post_tag","embeddable":true,"href":"https:\/\/www.buroperiodistico.com.mx\/index.php?rest_route=%2Fwp%2Fv2%2Ftags&post=180981"}],"curies":[{"name":"wp","href":"https:\/\/api.w.org\/{rel}","templated":true}]}}