{"id":180978,"date":"2025-10-03T16:17:37","date_gmt":"2025-10-03T21:17:37","guid":{"rendered":"https:\/\/www.buroperiodistico.com.mx\/?p=180978"},"modified":"2025-10-03T16:17:37","modified_gmt":"2025-10-03T21:17:37","slug":"tamaulipas-refuerza-medidas-preventivas-ante-aumento-de-casos-de-enfermedad-mano-pie-boca","status":"publish","type":"post","link":"https:\/\/www.buroperiodistico.com.mx\/?p=180978","title":{"rendered":"Tamaulipas refuerza medidas preventivas ante aumento de casos de enfermedad mano-pie-boca"},"content":{"rendered":"<p><em><strong><img loading=\"lazy\" decoding=\"async\" class=\" wp-image-180979 alignright\" src=\"https:\/\/www.buroperiodistico.com.mx\/wp-content\/uploads\/2025\/10\/SSTenfermedad.jpeg\" alt=\"\" width=\"556\" height=\"353\" srcset=\"https:\/\/www.buroperiodistico.com.mx\/wp-content\/uploads\/2025\/10\/SSTenfermedad.jpeg 1024w, https:\/\/www.buroperiodistico.com.mx\/wp-content\/uploads\/2025\/10\/SSTenfermedad-300x190.jpeg 300w, https:\/\/www.buroperiodistico.com.mx\/wp-content\/uploads\/2025\/10\/SSTenfermedad-768x488.jpeg 768w\" sizes=\"auto, (max-width: 556px) 100vw, 556px\" \/>Ciudad Victoria, Tamaulipas (3-Octubre-2025).-<\/strong><\/em> La Secretar\u00eda de Salud descart\u00f3 una alerta epidemiol\u00f3gica en Tamaulipas ante los casos de mano-pie-boca (EMPB) que se han registrado en los \u00faltimos d\u00edas y por el contrario, pidi\u00f3 a la poblaci\u00f3n incrementar la prevenci\u00f3n y la colaboraci\u00f3n en acciones fundamentales para mantener bajo control o contener la propagaci\u00f3n de esta enfermedad.<\/p>\n<p>El secretario de Salud, Vicente Joel Hern\u00e1ndez Navarro, destac\u00f3 que aunque la enfermedad mano-pie-boca es altamente contagiosa, no se ha documentado mortalidad en los brotes recientes ya que suele ser una infecci\u00f3n autolimitada.<\/p>\n<p>El titular de Salud recomend\u00f3 a la poblaci\u00f3n reforzar las medidas de higiene, incluyendo lavado de manos frecuente, uso de gel antibacterial, ventilaci\u00f3n de espacios y desinfecci\u00f3n diaria de superficies y juguetes, entre otras.<\/p>\n<p>Inform\u00f3 que durante 2025 se han registrado 44 brotes de la enfermedad mano-pie-boca en la entidad, lo que refleja una mayor circulaci\u00f3n del virus asociada a factores ambientales como la humedad y la convivencia en espacios cerrados, especialmente en guarder\u00edas y planteles escolares, en donde se recomend\u00f3 redoblar las medidas de prevenci\u00f3n.<\/p>\n<p>La EMPB es causada principalmente por los virus Coxsackie A16 y enterovirus 71, afectando sobre todo a ni\u00f1os menores de 5 a\u00f1os. La enfermedad se caracteriza por fiebre, lesiones vesiculares en boca, manos, pies o gl\u00fateos, as\u00ed como malestar general. Aunque es altamente contagiosa, no se ha documentado mortalidad en los brotes recientes, y suele ser una infecci\u00f3n autolimitada.<\/p>\n<p>Ante los brotes que se han registrado, el secretario de salud exhort\u00f3 a la ciudadan\u00eda a aplicar las acciones de prevenci\u00f3n y control.<\/p>\n<p>La Secretar\u00eda de Salud emiti\u00f3 un Aviso Epidemiol\u00f3gico dirigido a directivos de escuelas y guarder\u00edas, donde se establecen medidas clave, entre las que destacan:<\/p>\n<p>\u00b7 Notificaci\u00f3n inmediata de casos sospechosos al Centro o Distrito de Salud.<\/p>\n<p>\u00b7 Aislamiento de los menores enfermos por al menos siete d\u00edas desde el inicio de s\u00edntomas o hasta la desaparici\u00f3n de las lesiones.<\/p>\n<p>\u00b7 Refuerzo de la higiene, incluyendo lavado de manos frecuente, uso de gel antibacterial, ventilaci\u00f3n de espacios y desinfecci\u00f3n diaria de superficies y juguetes.<\/p>\n<p>\u00b7 Comunicaci\u00f3n de riesgos a padres de familia, maestros y personal educativo, con capacitaci\u00f3n para la detecci\u00f3n temprana de casos.<\/p>\n<p>\u00b7 Coordinaci\u00f3n interinstitucional entre las direcciones escolares y las autoridades de salud para garantizar una vigilancia activa.<\/p>\n<p>El titular de la Secretar\u00eda de Salud reiter\u00f3 que, \u201caunque Tamaulipas no se encuentra en alerta epidemiol\u00f3gica, la prevenci\u00f3n y la colaboraci\u00f3n comunitaria son fundamentales para contener la propagaci\u00f3n, e invitamos a las madres, padres y cuidadores a estar atentos a s\u00edntomas en ni\u00f1as y ni\u00f1os, evitar el env\u00edo a la escuela si presentan lesiones o fiebre, y reforzar las medidas de higiene en casa\u201d.<\/p>\n","protected":false},"excerpt":{"rendered":"<p>Ciudad Victoria, Tamaulipas (3-Octubre-2025).- La Secretar\u00eda de Salud descart\u00f3 una alerta epidemiol\u00f3gica en Tamaulipas ante&#8230;<\/p>\n","protected":false},"author":1,"featured_media":180979,"comment_status":"closed","ping_status":"closed","sticky":false,"template":"","format":"standard","meta":{"footnotes":"","jetpack_publicize_message":"","jetpack_publicize_feature_enabled":true,"jetpack_social_post_already_shared":true,"jetpack_social_options":{"image_generator_settings":{"template":"highway","default_image_id":0,"font":"","enabled":false},"version":2}},"categories":[10],"tags":[],"class_list":["post-180978","post","type-post","status-publish","format-standard","has-post-thumbnail","hentry","category-tamaulipas"],"jetpack_publicize_connections":[],"_links":{"self":[{"href":"https:\/\/www.buroperiodistico.com.mx\/index.php?rest_route=\/wp\/v2\/posts\/180978","targetHints":{"allow":["GET"]}}],"collection":[{"href":"https:\/\/www.buroperiodistico.com.mx\/index.php?rest_route=\/wp\/v2\/posts"}],"about":[{"href":"https:\/\/www.buroperiodistico.com.mx\/index.php?rest_route=\/wp\/v2\/types\/post"}],"author":[{"embeddable":true,"href":"https:\/\/www.buroperiodistico.com.mx\/index.php?rest_route=\/wp\/v2\/users\/1"}],"replies":[{"embeddable":true,"href":"https:\/\/www.buroperiodistico.com.mx\/index.php?rest_route=%2Fwp%2Fv2%2Fcomments&post=180978"}],"version-history":[{"count":0,"href":"https:\/\/www.buroperiodistico.com.mx\/index.php?rest_route=\/wp\/v2\/posts\/180978\/revisions"}],"wp:featuredmedia":[{"embeddable":true,"href":"https:\/\/www.buroperiodistico.com.mx\/index.php?rest_route=\/wp\/v2\/media\/180979"}],"wp:attachment":[{"href":"https:\/\/www.buroperiodistico.com.mx\/index.php?rest_route=%2Fwp%2Fv2%2Fmedia&parent=180978"}],"wp:term":[{"taxonomy":"category","embeddable":true,"href":"https:\/\/www.buroperiodistico.com.mx\/index.php?rest_route=%2Fwp%2Fv2%2Fcategories&post=180978"},{"taxonomy":"post_tag","embeddable":true,"href":"https:\/\/www.buroperiodistico.com.mx\/index.php?rest_route=%2Fwp%2Fv2%2Ftags&post=180978"}],"curies":[{"name":"wp","href":"https:\/\/api.w.org\/{rel}","templated":true}]}}