{"id":180972,"date":"2025-10-03T16:09:05","date_gmt":"2025-10-03T21:09:05","guid":{"rendered":"https:\/\/www.buroperiodistico.com.mx\/?p=180972"},"modified":"2025-10-03T16:09:05","modified_gmt":"2025-10-03T21:09:05","slug":"logra-tamaulipas-mas-de-66-mil-conciliaciones-laborales-y-recupera-3-mil-540-millones-de-pesos-a-favor-de-trabajadores","status":"publish","type":"post","link":"https:\/\/www.buroperiodistico.com.mx\/?p=180972","title":{"rendered":"Logra Tamaulipas m\u00e1s de 66 mil conciliaciones laborales y recupera 3 mil 540 millones de pesos a favor de trabajadores"},"content":{"rendered":"<p><em><strong><img loading=\"lazy\" decoding=\"async\" class=\" wp-image-180976 alignright\" src=\"https:\/\/www.buroperiodistico.com.mx\/wp-content\/uploads\/2025\/10\/STRtrabajadores.jpeg\" alt=\"\" width=\"470\" height=\"270\" srcset=\"https:\/\/www.buroperiodistico.com.mx\/wp-content\/uploads\/2025\/10\/STRtrabajadores.jpeg 1024w, https:\/\/www.buroperiodistico.com.mx\/wp-content\/uploads\/2025\/10\/STRtrabajadores-300x172.jpeg 300w, https:\/\/www.buroperiodistico.com.mx\/wp-content\/uploads\/2025\/10\/STRtrabajadores-768x441.jpeg 768w\" sizes=\"auto, (max-width: 470px) 100vw, 470px\" \/>Ciudad Victoria, Tamaulipas (3-Octubre-2025).-<\/strong><\/em> A casi tres a\u00f1os de operaci\u00f3n, el Centro de Conciliaci\u00f3n Laboral de Tamaulipas (CCLT) se ha consolidado como un pilar de paz laboral en el estado, al registrar 66,035 solicitudes de conciliaci\u00f3n, con una efectividad del 82 por ciento y un monto recuperado de 3,540 millones 744 mil 761 pesos en beneficio de las y los trabajadores.<\/p>\n<p>Estos resultados colocan a Tamaulipas como un referente nacional en el nuevo modelo de justicia laboral, al resolver la mayor\u00eda de los conflictos entre empleados y empleadores sin necesidad de llegar a tribunales, reduciendo tiempos de a\u00f1os a un promedio de 21 d\u00edas por caso.<\/p>\n<p>El \u00e9xito de esta estrategia responde a la pol\u00edtica humanista y de transformaci\u00f3n impulsada por el gobernador Am\u00e9rico Villarreal Anaya, quien ha hecho de la paz laboral y el desarrollo econ\u00f3mico pilares de su administraci\u00f3n. A ello se suma el liderazgo del secretario del Trabajo y Previsi\u00f3n Social, Luis Gerardo Illoldi Reyes, y la coordinaci\u00f3n con el director general del CCLT, Ives Sober\u00f3n Mej\u00eda, quienes han fortalecido las oficinas conciliatorias en todo el estado.<\/p>\n<p>\u201cLa conciliaci\u00f3n ha cambiado el rostro de la justicia laboral en Tamaulipas. Hoy los conflictos se resuelven de forma pac\u00edfica, imparcial, gratuita y mucho m\u00e1s r\u00e1pida, lo que genera confianza entre trabajadores, sindicatos y empresarios\u201d, destac\u00f3 Ives Sober\u00f3n Mej\u00eda, titular del CCLT.<\/p>\n<p>Indic\u00f3 que el Gobierno del Estado, a trav\u00e9s del CCLT, no solo ha reducido los litigios laborales, sino que tambi\u00e9n ha promovido una cultura de di\u00e1logo y respeto mutuo que beneficia a todos los sectores productivos.<\/p>\n<p>Actualmente, Tamaulipas cuenta con el mayor n\u00famero de oficinas de conciliaci\u00f3n laboral en el pa\u00eds, y ha implementado sistemas de citas en l\u00ednea, seguimiento digital de expedientes y capacitaci\u00f3n constante a los conciliadores, medidas que garantizan un acceso m\u00e1s \u00e1gil y transparente a la justicia laboral.<\/p>\n<p>El funcionario se\u00f1al\u00f3 que el Gobierno de Tamaulipas, fortalece la paz social, y tambi\u00e9n se posiciona como un estado atractivo para la inversi\u00f3n y la competitividad econ\u00f3mica, manteniendo un clima laboral estable que refleja la visi\u00f3n humanista de la administraci\u00f3n estatal.<\/p>\n<p><img loading=\"lazy\" decoding=\"async\" class=\"aligncenter size-full wp-image-180973\" src=\"https:\/\/www.buroperiodistico.com.mx\/wp-content\/uploads\/2025\/10\/STRtrabajadores-I.jpeg\" alt=\"\" width=\"640\" height=\"426\" srcset=\"https:\/\/www.buroperiodistico.com.mx\/wp-content\/uploads\/2025\/10\/STRtrabajadores-I.jpeg 640w, https:\/\/www.buroperiodistico.com.mx\/wp-content\/uploads\/2025\/10\/STRtrabajadores-I-300x200.jpeg 300w\" sizes=\"auto, (max-width: 640px) 100vw, 640px\" \/> <img loading=\"lazy\" decoding=\"async\" class=\"aligncenter size-full wp-image-180975\" src=\"https:\/\/www.buroperiodistico.com.mx\/wp-content\/uploads\/2025\/10\/STRtrabajadores-III.jpeg\" alt=\"\" width=\"640\" height=\"426\" srcset=\"https:\/\/www.buroperiodistico.com.mx\/wp-content\/uploads\/2025\/10\/STRtrabajadores-III.jpeg 640w, https:\/\/www.buroperiodistico.com.mx\/wp-content\/uploads\/2025\/10\/STRtrabajadores-III-300x200.jpeg 300w\" sizes=\"auto, (max-width: 640px) 100vw, 640px\" \/> <img loading=\"lazy\" decoding=\"async\" class=\"aligncenter size-full wp-image-180974\" src=\"https:\/\/www.buroperiodistico.com.mx\/wp-content\/uploads\/2025\/10\/STRtrabajadores-II.jpeg\" alt=\"\" width=\"640\" height=\"426\" srcset=\"https:\/\/www.buroperiodistico.com.mx\/wp-content\/uploads\/2025\/10\/STRtrabajadores-II.jpeg 640w, https:\/\/www.buroperiodistico.com.mx\/wp-content\/uploads\/2025\/10\/STRtrabajadores-II-300x200.jpeg 300w\" sizes=\"auto, (max-width: 640px) 100vw, 640px\" \/><\/p>\n","protected":false},"excerpt":{"rendered":"<p>Ciudad Victoria, Tamaulipas (3-Octubre-2025).- A casi tres a\u00f1os de operaci\u00f3n, el Centro de Conciliaci\u00f3n Laboral&#8230;<\/p>\n","protected":false},"author":1,"featured_media":180976,"comment_status":"closed","ping_status":"closed","sticky":false,"template":"","format":"standard","meta":{"footnotes":"","jetpack_publicize_message":"","jetpack_publicize_feature_enabled":true,"jetpack_social_post_already_shared":true,"jetpack_social_options":{"image_generator_settings":{"template":"highway","default_image_id":0,"font":"","enabled":false},"version":2}},"categories":[10],"tags":[],"class_list":["post-180972","post","type-post","status-publish","format-standard","has-post-thumbnail","hentry","category-tamaulipas"],"jetpack_publicize_connections":[],"_links":{"self":[{"href":"https:\/\/www.buroperiodistico.com.mx\/index.php?rest_route=\/wp\/v2\/posts\/180972","targetHints":{"allow":["GET"]}}],"collection":[{"href":"https:\/\/www.buroperiodistico.com.mx\/index.php?rest_route=\/wp\/v2\/posts"}],"about":[{"href":"https:\/\/www.buroperiodistico.com.mx\/index.php?rest_route=\/wp\/v2\/types\/post"}],"author":[{"embeddable":true,"href":"https:\/\/www.buroperiodistico.com.mx\/index.php?rest_route=\/wp\/v2\/users\/1"}],"replies":[{"embeddable":true,"href":"https:\/\/www.buroperiodistico.com.mx\/index.php?rest_route=%2Fwp%2Fv2%2Fcomments&post=180972"}],"version-history":[{"count":0,"href":"https:\/\/www.buroperiodistico.com.mx\/index.php?rest_route=\/wp\/v2\/posts\/180972\/revisions"}],"wp:featuredmedia":[{"embeddable":true,"href":"https:\/\/www.buroperiodistico.com.mx\/index.php?rest_route=\/wp\/v2\/media\/180976"}],"wp:attachment":[{"href":"https:\/\/www.buroperiodistico.com.mx\/index.php?rest_route=%2Fwp%2Fv2%2Fmedia&parent=180972"}],"wp:term":[{"taxonomy":"category","embeddable":true,"href":"https:\/\/www.buroperiodistico.com.mx\/index.php?rest_route=%2Fwp%2Fv2%2Fcategories&post=180972"},{"taxonomy":"post_tag","embeddable":true,"href":"https:\/\/www.buroperiodistico.com.mx\/index.php?rest_route=%2Fwp%2Fv2%2Ftags&post=180972"}],"curies":[{"name":"wp","href":"https:\/\/api.w.org\/{rel}","templated":true}]}}