{"id":180964,"date":"2025-10-03T16:03:44","date_gmt":"2025-10-03T21:03:44","guid":{"rendered":"https:\/\/www.buroperiodistico.com.mx\/?p=180964"},"modified":"2025-10-03T16:03:44","modified_gmt":"2025-10-03T21:03:44","slug":"impulsan-jovenes-investigadores-la-innovacion-y-competitividad-en-tamaulipas","status":"publish","type":"post","link":"https:\/\/www.buroperiodistico.com.mx\/?p=180964","title":{"rendered":"Impulsan j\u00f3venes investigadores la innovaci\u00f3n y competitividad en Tamaulipas"},"content":{"rendered":"<p><em><strong><img loading=\"lazy\" decoding=\"async\" class=\" wp-image-180969 alignright\" src=\"https:\/\/www.buroperiodistico.com.mx\/wp-content\/uploads\/2025\/10\/SETTamaulipas.jpeg\" alt=\"\" width=\"438\" height=\"266\" srcset=\"https:\/\/www.buroperiodistico.com.mx\/wp-content\/uploads\/2025\/10\/SETTamaulipas.jpeg 1024w, https:\/\/www.buroperiodistico.com.mx\/wp-content\/uploads\/2025\/10\/SETTamaulipas-300x182.jpeg 300w, https:\/\/www.buroperiodistico.com.mx\/wp-content\/uploads\/2025\/10\/SETTamaulipas-768x467.jpeg 768w\" sizes=\"auto, (max-width: 438px) 100vw, 438px\" \/>Ciudad Victoria, Tamaulipas (3-Octubre-2025).-<\/strong><\/em> Las y los j\u00f3venes investigadores son el presente y el futuro, est\u00e1n impulsando a Tamaulipas hacia la innovaci\u00f3n, la tecnolog\u00eda, la vinculaci\u00f3n, el desarrollo regional y la competitividad, asegur\u00f3 Miguel \u00c1ngel Valdez Garc\u00eda, secretario de Educaci\u00f3n en la entidad, al inaugurar el \u201cEncuentro de J\u00f3venes Investigadores Tamaulipas 2025\u201d.<\/p>\n<p>Ante m\u00e1s de 300 j\u00f3venes investigadores provenientes de diversas regiones del estado, que cursan nivel licenciatura, maestr\u00eda o doctorado, Valdez Garc\u00eda les felicit\u00f3 y exhort\u00f3 a continuar con esta vocaci\u00f3n, realizando proyectos de investigaci\u00f3n como la v\u00eda que Tamaulipas requiere para desarrollar su potencial.<\/p>\n<p>\u201cHoy, en la sociedad del conocimiento; hoy, ante esta econom\u00eda globalizada; hoy, con la aparici\u00f3n de la inteligencia artificial, necesitamos dar el salto para que Tamaulipas realmente sea un estado l\u00edder, innovador y desarrollador\u201d, enfatiz\u00f3.<\/p>\n<p>Resalt\u00f3 el trabajo de vinculaci\u00f3n entre la Secretar\u00eda de Econom\u00eda y la Secretar\u00eda de Educaci\u00f3n, a trav\u00e9s del COTACYT, y reconoci\u00f3 de manera especial a sus titulares, Ninfa Cant\u00fa De\u00e1ndar y Julio Mart\u00ednez Burnes, respectivamente, quienes han colaborado en m\u00faltiples proyectos para fomentar y desarrollar los \u00e1mbitos de la innovaci\u00f3n, la ciencia y la tecnolog\u00eda entre las y los tamaulipecos, acorde con la visi\u00f3n educativa que impulsa el mandatario estatal.<\/p>\n<p>\u201cLa idea es Tamaulipas, y lo m\u00e1s poderoso es cuando a una idea le llega su tiempo. A todos nosotros, con la gobernanza del doctor Am\u00e9rico Villarreal, nos ha llegado el tiempo de hacer que nuestra tierra muy querida, Tamaulipas, siga fortaleci\u00e9ndose y alcance lo que busca la Dra. Claudia Sheinbaum, que es el bienestar, el humanismo y la felicidad para todos, especialmente para los m\u00e1s pobres\u201d, subray\u00f3.<\/p>\n<p>En el marco de este encuentro, se firm\u00f3 entre el Consejo Tamaulipeco de Ciencia y Tecnolog\u00eda (COTACYT) y la organizaci\u00f3n INROADS M\u00e9xico un convenio de colaboraci\u00f3n para otorgar 1,000 becas a estudiantes investigadoras e investigadores de educaci\u00f3n superior.<\/p>\n<p>El \u201cEncuentro de J\u00f3venes Investigadores Tamaulipas 2025\u201d constituye un espacio estrat\u00e9gico que re\u00fane a estudiantes de educaci\u00f3n superior, egresados y posgraduados, para compartir los resultados de sus proyectos de investigaci\u00f3n. Este foro promueve el intercambio acad\u00e9mico y contribuye a sensibilizar a estudiantes y docentes sobre las tendencias y los temas prioritarios para el desarrollo del estado y del pa\u00eds.<\/p>\n<p>En la ceremonia de inauguraci\u00f3n tambi\u00e9n participaron Ninfa Cant\u00fa De\u00e1ndar, secretaria de Econom\u00eda de Tamaulipas; Julio Mart\u00ednez Burnes, director general del COTACYT; Yuriria Iturbe, presidenta de la Comisi\u00f3n de Educaci\u00f3n del Congreso del Estado de Tamaulipas; y Francisca Labb\u00e9 Buitano, directora general de INROADS M\u00e9xico, entre otros.<\/p>\n<p><img loading=\"lazy\" decoding=\"async\" class=\"aligncenter size-full wp-image-180965\" src=\"https:\/\/www.buroperiodistico.com.mx\/wp-content\/uploads\/2025\/10\/SETTamaulipas-I.jpeg\" alt=\"\" width=\"640\" height=\"427\" srcset=\"https:\/\/www.buroperiodistico.com.mx\/wp-content\/uploads\/2025\/10\/SETTamaulipas-I.jpeg 640w, https:\/\/www.buroperiodistico.com.mx\/wp-content\/uploads\/2025\/10\/SETTamaulipas-I-300x200.jpeg 300w\" sizes=\"auto, (max-width: 640px) 100vw, 640px\" \/> <img loading=\"lazy\" decoding=\"async\" class=\"aligncenter size-full wp-image-180968\" src=\"https:\/\/www.buroperiodistico.com.mx\/wp-content\/uploads\/2025\/10\/SETTamaulipas-IIII.jpeg\" alt=\"\" width=\"640\" height=\"427\" srcset=\"https:\/\/www.buroperiodistico.com.mx\/wp-content\/uploads\/2025\/10\/SETTamaulipas-IIII.jpeg 640w, https:\/\/www.buroperiodistico.com.mx\/wp-content\/uploads\/2025\/10\/SETTamaulipas-IIII-300x200.jpeg 300w\" sizes=\"auto, (max-width: 640px) 100vw, 640px\" \/> <img loading=\"lazy\" decoding=\"async\" class=\"aligncenter size-full wp-image-180967\" src=\"https:\/\/www.buroperiodistico.com.mx\/wp-content\/uploads\/2025\/10\/SETTamaulipas-III.jpeg\" alt=\"\" width=\"640\" height=\"427\" srcset=\"https:\/\/www.buroperiodistico.com.mx\/wp-content\/uploads\/2025\/10\/SETTamaulipas-III.jpeg 640w, https:\/\/www.buroperiodistico.com.mx\/wp-content\/uploads\/2025\/10\/SETTamaulipas-III-300x200.jpeg 300w\" sizes=\"auto, (max-width: 640px) 100vw, 640px\" \/> <img loading=\"lazy\" decoding=\"async\" class=\"aligncenter size-full wp-image-180966\" src=\"https:\/\/www.buroperiodistico.com.mx\/wp-content\/uploads\/2025\/10\/SETTamaulipas-II.jpeg\" alt=\"\" width=\"640\" height=\"427\" srcset=\"https:\/\/www.buroperiodistico.com.mx\/wp-content\/uploads\/2025\/10\/SETTamaulipas-II.jpeg 640w, https:\/\/www.buroperiodistico.com.mx\/wp-content\/uploads\/2025\/10\/SETTamaulipas-II-300x200.jpeg 300w\" sizes=\"auto, (max-width: 640px) 100vw, 640px\" \/><\/p>\n","protected":false},"excerpt":{"rendered":"<p>Ciudad Victoria, Tamaulipas (3-Octubre-2025).- Las y los j\u00f3venes investigadores son el presente y el futuro,&#8230;<\/p>\n","protected":false},"author":1,"featured_media":180969,"comment_status":"closed","ping_status":"closed","sticky":false,"template":"","format":"standard","meta":{"footnotes":"","jetpack_publicize_message":"","jetpack_publicize_feature_enabled":true,"jetpack_social_post_already_shared":true,"jetpack_social_options":{"image_generator_settings":{"template":"highway","default_image_id":0,"font":"","enabled":false},"version":2}},"categories":[10],"tags":[],"class_list":["post-180964","post","type-post","status-publish","format-standard","has-post-thumbnail","hentry","category-tamaulipas"],"jetpack_publicize_connections":[],"_links":{"self":[{"href":"https:\/\/www.buroperiodistico.com.mx\/index.php?rest_route=\/wp\/v2\/posts\/180964","targetHints":{"allow":["GET"]}}],"collection":[{"href":"https:\/\/www.buroperiodistico.com.mx\/index.php?rest_route=\/wp\/v2\/posts"}],"about":[{"href":"https:\/\/www.buroperiodistico.com.mx\/index.php?rest_route=\/wp\/v2\/types\/post"}],"author":[{"embeddable":true,"href":"https:\/\/www.buroperiodistico.com.mx\/index.php?rest_route=\/wp\/v2\/users\/1"}],"replies":[{"embeddable":true,"href":"https:\/\/www.buroperiodistico.com.mx\/index.php?rest_route=%2Fwp%2Fv2%2Fcomments&post=180964"}],"version-history":[{"count":0,"href":"https:\/\/www.buroperiodistico.com.mx\/index.php?rest_route=\/wp\/v2\/posts\/180964\/revisions"}],"wp:featuredmedia":[{"embeddable":true,"href":"https:\/\/www.buroperiodistico.com.mx\/index.php?rest_route=\/wp\/v2\/media\/180969"}],"wp:attachment":[{"href":"https:\/\/www.buroperiodistico.com.mx\/index.php?rest_route=%2Fwp%2Fv2%2Fmedia&parent=180964"}],"wp:term":[{"taxonomy":"category","embeddable":true,"href":"https:\/\/www.buroperiodistico.com.mx\/index.php?rest_route=%2Fwp%2Fv2%2Fcategories&post=180964"},{"taxonomy":"post_tag","embeddable":true,"href":"https:\/\/www.buroperiodistico.com.mx\/index.php?rest_route=%2Fwp%2Fv2%2Ftags&post=180964"}],"curies":[{"name":"wp","href":"https:\/\/api.w.org\/{rel}","templated":true}]}}