{"id":180946,"date":"2025-10-03T14:57:28","date_gmt":"2025-10-03T19:57:28","guid":{"rendered":"https:\/\/www.buroperiodistico.com.mx\/?p=180946"},"modified":"2025-10-03T14:57:28","modified_gmt":"2025-10-03T19:57:28","slug":"asume-enrique-dena-salgado-subsecretaria-de-operaciones-de-la-guardia-estatal","status":"publish","type":"post","link":"https:\/\/www.buroperiodistico.com.mx\/?p=180946","title":{"rendered":"Asume Enrique Dena Salgado Subsecretar\u00eda de Operaciones de la Guardia Estatal"},"content":{"rendered":"<ul>\n<li><strong><em>Es un profesional con amplia experiencia y trayectoria reconocida<\/em><\/strong><\/li>\n<\/ul>\n<p><strong><img loading=\"lazy\" decoding=\"async\" class=\" wp-image-180951 alignright\" src=\"https:\/\/www.buroperiodistico.com.mx\/wp-content\/uploads\/2025\/10\/SSPEstatal.jpeg\" alt=\"\" width=\"504\" height=\"291\" srcset=\"https:\/\/www.buroperiodistico.com.mx\/wp-content\/uploads\/2025\/10\/SSPEstatal.jpeg 1024w, https:\/\/www.buroperiodistico.com.mx\/wp-content\/uploads\/2025\/10\/SSPEstatal-300x173.jpeg 300w, https:\/\/www.buroperiodistico.com.mx\/wp-content\/uploads\/2025\/10\/SSPEstatal-768x443.jpeg 768w\" sizes=\"auto, (max-width: 504px) 100vw, 504px\" \/>Ciudad Victoria, Tamaulipas (3-Octubre-2025).-<\/strong> Con una ceremonia de toma de protesta y posesi\u00f3n al cargo, el secretario de Seguridad P\u00fablica de Tamaulipas, Carlos Arturo Pancardo Escudero, dio la bienvenida al maestro Enrique Dena Salgado como subsecretario de Operaciones de la Guardia Estatal.<\/p>\n<p>\u201cEl cargo que hoy asume demanda, visi\u00f3n estrat\u00e9gica, capacidad de coordinaci\u00f3n y sensibilidad social, se trata de un desaf\u00edo que implica garantizar la tranquilidad ciudadana, fortalecer la confianza en nuestras instituciones y trabajar d\u00eda a d\u00eda por un entorno de paz y justicia\u201d, manifest\u00f3 el titular de la Secretar\u00eda de Seguridad P\u00fablica de Tamaulipas (SSPT).<\/p>\n<p>Adem\u00e1s de rendir protesta ante el personal operativo y administrativo que integra la SSPT, el subsecretario de operaciones de la Guardia Estatal recibi\u00f3 del titular de esta dependencia el nombramiento oficial del cargo otorgado por el gobernador, Am\u00e9rico Villarreal Anaya, en el cual releva al general Alex Melgarejo Torres, quien encabez\u00f3 la subsecretar\u00eda durante la primera mitad del sexenio.<\/p>\n<p>\u201cSu incorporaci\u00f3n representa un hecho de gran relevancia para nuestra instituci\u00f3n y para la sociedad tamaulipeca, ya que se trata de un profesional con amplia experiencia, trayectoria reconocida, y un profundo compromiso con el servicio\u201d, extern\u00f3 el secretario.<\/p>\n<p><img loading=\"lazy\" decoding=\"async\" class=\"aligncenter size-full wp-image-180947\" src=\"https:\/\/www.buroperiodistico.com.mx\/wp-content\/uploads\/2025\/10\/SSPEstatal-I.jpeg\" alt=\"\" width=\"640\" height=\"426\" srcset=\"https:\/\/www.buroperiodistico.com.mx\/wp-content\/uploads\/2025\/10\/SSPEstatal-I.jpeg 640w, https:\/\/www.buroperiodistico.com.mx\/wp-content\/uploads\/2025\/10\/SSPEstatal-I-300x200.jpeg 300w\" sizes=\"auto, (max-width: 640px) 100vw, 640px\" \/> <img loading=\"lazy\" decoding=\"async\" class=\"aligncenter size-full wp-image-180950\" src=\"https:\/\/www.buroperiodistico.com.mx\/wp-content\/uploads\/2025\/10\/SSPEstatal-IIII.jpeg\" alt=\"\" width=\"640\" height=\"426\" srcset=\"https:\/\/www.buroperiodistico.com.mx\/wp-content\/uploads\/2025\/10\/SSPEstatal-IIII.jpeg 640w, https:\/\/www.buroperiodistico.com.mx\/wp-content\/uploads\/2025\/10\/SSPEstatal-IIII-300x200.jpeg 300w\" sizes=\"auto, (max-width: 640px) 100vw, 640px\" \/> <img loading=\"lazy\" decoding=\"async\" class=\"aligncenter size-full wp-image-180949\" src=\"https:\/\/www.buroperiodistico.com.mx\/wp-content\/uploads\/2025\/10\/SSPEstatal-III.jpeg\" alt=\"\" width=\"640\" height=\"426\" srcset=\"https:\/\/www.buroperiodistico.com.mx\/wp-content\/uploads\/2025\/10\/SSPEstatal-III.jpeg 640w, https:\/\/www.buroperiodistico.com.mx\/wp-content\/uploads\/2025\/10\/SSPEstatal-III-300x200.jpeg 300w\" sizes=\"auto, (max-width: 640px) 100vw, 640px\" \/> <img loading=\"lazy\" decoding=\"async\" class=\"aligncenter size-full wp-image-180948\" src=\"https:\/\/www.buroperiodistico.com.mx\/wp-content\/uploads\/2025\/10\/SSPEstatal-II.jpeg\" alt=\"\" width=\"640\" height=\"426\" srcset=\"https:\/\/www.buroperiodistico.com.mx\/wp-content\/uploads\/2025\/10\/SSPEstatal-II.jpeg 640w, https:\/\/www.buroperiodistico.com.mx\/wp-content\/uploads\/2025\/10\/SSPEstatal-II-300x200.jpeg 300w\" sizes=\"auto, (max-width: 640px) 100vw, 640px\" \/><\/p>\n","protected":false},"excerpt":{"rendered":"<p>Es un profesional con amplia experiencia y trayectoria reconocida Ciudad Victoria, Tamaulipas (3-Octubre-2025).- Con una&#8230;<\/p>\n","protected":false},"author":1,"featured_media":180951,"comment_status":"closed","ping_status":"closed","sticky":false,"template":"","format":"standard","meta":{"footnotes":"","jetpack_publicize_message":"","jetpack_publicize_feature_enabled":true,"jetpack_social_post_already_shared":true,"jetpack_social_options":{"image_generator_settings":{"template":"highway","default_image_id":0,"font":"","enabled":false},"version":2}},"categories":[10],"tags":[],"class_list":["post-180946","post","type-post","status-publish","format-standard","has-post-thumbnail","hentry","category-tamaulipas"],"jetpack_publicize_connections":[],"_links":{"self":[{"href":"https:\/\/www.buroperiodistico.com.mx\/index.php?rest_route=\/wp\/v2\/posts\/180946","targetHints":{"allow":["GET"]}}],"collection":[{"href":"https:\/\/www.buroperiodistico.com.mx\/index.php?rest_route=\/wp\/v2\/posts"}],"about":[{"href":"https:\/\/www.buroperiodistico.com.mx\/index.php?rest_route=\/wp\/v2\/types\/post"}],"author":[{"embeddable":true,"href":"https:\/\/www.buroperiodistico.com.mx\/index.php?rest_route=\/wp\/v2\/users\/1"}],"replies":[{"embeddable":true,"href":"https:\/\/www.buroperiodistico.com.mx\/index.php?rest_route=%2Fwp%2Fv2%2Fcomments&post=180946"}],"version-history":[{"count":0,"href":"https:\/\/www.buroperiodistico.com.mx\/index.php?rest_route=\/wp\/v2\/posts\/180946\/revisions"}],"wp:featuredmedia":[{"embeddable":true,"href":"https:\/\/www.buroperiodistico.com.mx\/index.php?rest_route=\/wp\/v2\/media\/180951"}],"wp:attachment":[{"href":"https:\/\/www.buroperiodistico.com.mx\/index.php?rest_route=%2Fwp%2Fv2%2Fmedia&parent=180946"}],"wp:term":[{"taxonomy":"category","embeddable":true,"href":"https:\/\/www.buroperiodistico.com.mx\/index.php?rest_route=%2Fwp%2Fv2%2Fcategories&post=180946"},{"taxonomy":"post_tag","embeddable":true,"href":"https:\/\/www.buroperiodistico.com.mx\/index.php?rest_route=%2Fwp%2Fv2%2Ftags&post=180946"}],"curies":[{"name":"wp","href":"https:\/\/api.w.org\/{rel}","templated":true}]}}