{"id":180940,"date":"2025-10-03T14:29:12","date_gmt":"2025-10-03T19:29:12","guid":{"rendered":"https:\/\/www.buroperiodistico.com.mx\/?p=180940"},"modified":"2025-10-03T14:29:12","modified_gmt":"2025-10-03T19:29:12","slug":"secretaria-de-la-mujer-del-gobierno-de-mexico-lleva-asamblea-a-tula","status":"publish","type":"post","link":"https:\/\/www.buroperiodistico.com.mx\/?p=180940","title":{"rendered":"Secretar\u00eda de la Mujer del Gobierno de M\u00e9xico lleva Asamblea a Tula"},"content":{"rendered":"<ul>\n<li><strong><em>Las mujeres no est\u00e1n solas, conocer sus derechos, es fundamental para vivir libres de violencia: Olga Sosa<\/em><\/strong><\/li>\n<\/ul>\n<p><strong><img loading=\"lazy\" decoding=\"async\" class=\" wp-image-180944 alignright\" src=\"https:\/\/www.buroperiodistico.com.mx\/wp-content\/uploads\/2025\/10\/Olgax.jpeg\" alt=\"\" width=\"526\" height=\"340\" srcset=\"https:\/\/www.buroperiodistico.com.mx\/wp-content\/uploads\/2025\/10\/Olgax.jpeg 1024w, https:\/\/www.buroperiodistico.com.mx\/wp-content\/uploads\/2025\/10\/Olgax-300x194.jpeg 300w, https:\/\/www.buroperiodistico.com.mx\/wp-content\/uploads\/2025\/10\/Olgax-768x497.jpeg 768w\" sizes=\"auto, (max-width: 526px) 100vw, 526px\" \/>Tula, Tamaulipas (3-Octubre-2025).-<\/strong> En la quinta asamblea \u201cVoces por la igualdad y contra las violencias\u201d organizada por la secretar\u00eda de las mujeres del gobierno de la presidenta Claudia Sheinbaum Pardo y el gobierno de Tula que encabeza Ren\u00e9 Lara Cisneros, se votaron ocho acuerdos para transmitir lo que las mujeres de Tula requieren para el ejercicio y disfrute libre de sus derechos.<\/p>\n<p>La senadora Olga Sosa Ru\u00edz, se\u00f1al\u00f3 la importancia de las asambleas que son \u201cun espacio seguro para visibilizar los problemas a los que nos enfrentamos las mujeres\u201d, y reconoci\u00f3 que las Asambleas desarrolladas en Tamaulipas son parte de un ejercicio \u00fanico e hist\u00f3rico de la primera Secretar\u00eda de la Mujer del pa\u00eds y su titular, Citlalli Hern\u00e1ndez Mora.<\/p>\n<p>La legisladora morenista se\u00f1al\u00f3: \u201cLas mujeres no est\u00e1n solas. Ni la injusticia, ni las violencias familiar, laboral, obst\u00e9trica, ni el feminicidio deben normalizarse como estad\u00edstica. La memoria se construye empoderando, fortaleciendo derechos, educando a las nuevas generaciones.\u201d<\/p>\n<p>La Asamblea congreg\u00f3 a mujeres j\u00f3venes, madres de familia, abogadas, quienes hablaron libremente de los problemas que m\u00e1s les aquejan a las mujeres, as\u00ed como de las necesidades para garantizar la salud y lograr la igualdad salarial.<\/p>\n<p>En el gobierno de la presidenta de M\u00e9xico Claudia Sheinbaum Pardo, las mujeres tienen m\u00e1s y mejores oportunidades, su voz es escuchada y su participaci\u00f3n valorada.<\/p>\n<p>La Asamblea reuni\u00f3 al presidente municipal Ren\u00e9 Lara, la titular del DIF Macarena Inurrigarro, la titular de Mujeres Tamaulipas, Marcia Benavides, as\u00ed como Monserrat Arcos, directora de vinculaci\u00f3n de la Secretar\u00eda de la Mujer del gobierno de M\u00e9xico y la diputada local Yuriria Iturbe.<\/p>\n<p><img loading=\"lazy\" decoding=\"async\" class=\"aligncenter size-full wp-image-180941\" src=\"https:\/\/www.buroperiodistico.com.mx\/wp-content\/uploads\/2025\/10\/Olgax-I.jpeg\" alt=\"\" width=\"640\" height=\"427\" srcset=\"https:\/\/www.buroperiodistico.com.mx\/wp-content\/uploads\/2025\/10\/Olgax-I.jpeg 640w, https:\/\/www.buroperiodistico.com.mx\/wp-content\/uploads\/2025\/10\/Olgax-I-300x200.jpeg 300w\" sizes=\"auto, (max-width: 640px) 100vw, 640px\" \/> <img loading=\"lazy\" decoding=\"async\" class=\"aligncenter size-full wp-image-180943\" src=\"https:\/\/www.buroperiodistico.com.mx\/wp-content\/uploads\/2025\/10\/Olgax-III.jpeg\" alt=\"\" width=\"640\" height=\"427\" srcset=\"https:\/\/www.buroperiodistico.com.mx\/wp-content\/uploads\/2025\/10\/Olgax-III.jpeg 640w, https:\/\/www.buroperiodistico.com.mx\/wp-content\/uploads\/2025\/10\/Olgax-III-300x200.jpeg 300w\" sizes=\"auto, (max-width: 640px) 100vw, 640px\" \/> <img loading=\"lazy\" decoding=\"async\" class=\"aligncenter size-full wp-image-180942\" src=\"https:\/\/www.buroperiodistico.com.mx\/wp-content\/uploads\/2025\/10\/Olgax-II.jpeg\" alt=\"\" width=\"640\" height=\"427\" srcset=\"https:\/\/www.buroperiodistico.com.mx\/wp-content\/uploads\/2025\/10\/Olgax-II.jpeg 640w, https:\/\/www.buroperiodistico.com.mx\/wp-content\/uploads\/2025\/10\/Olgax-II-300x200.jpeg 300w\" sizes=\"auto, (max-width: 640px) 100vw, 640px\" \/><\/p>\n","protected":false},"excerpt":{"rendered":"<p>Las mujeres no est\u00e1n solas, conocer sus derechos, es fundamental para vivir libres de violencia:&#8230;<\/p>\n","protected":false},"author":1,"featured_media":180944,"comment_status":"closed","ping_status":"closed","sticky":false,"template":"","format":"standard","meta":{"footnotes":"","jetpack_publicize_message":"","jetpack_publicize_feature_enabled":true,"jetpack_social_post_already_shared":true,"jetpack_social_options":{"image_generator_settings":{"template":"highway","default_image_id":0,"font":"","enabled":false},"version":2}},"categories":[10],"tags":[],"class_list":["post-180940","post","type-post","status-publish","format-standard","has-post-thumbnail","hentry","category-tamaulipas"],"jetpack_publicize_connections":[],"_links":{"self":[{"href":"https:\/\/www.buroperiodistico.com.mx\/index.php?rest_route=\/wp\/v2\/posts\/180940","targetHints":{"allow":["GET"]}}],"collection":[{"href":"https:\/\/www.buroperiodistico.com.mx\/index.php?rest_route=\/wp\/v2\/posts"}],"about":[{"href":"https:\/\/www.buroperiodistico.com.mx\/index.php?rest_route=\/wp\/v2\/types\/post"}],"author":[{"embeddable":true,"href":"https:\/\/www.buroperiodistico.com.mx\/index.php?rest_route=\/wp\/v2\/users\/1"}],"replies":[{"embeddable":true,"href":"https:\/\/www.buroperiodistico.com.mx\/index.php?rest_route=%2Fwp%2Fv2%2Fcomments&post=180940"}],"version-history":[{"count":0,"href":"https:\/\/www.buroperiodistico.com.mx\/index.php?rest_route=\/wp\/v2\/posts\/180940\/revisions"}],"wp:featuredmedia":[{"embeddable":true,"href":"https:\/\/www.buroperiodistico.com.mx\/index.php?rest_route=\/wp\/v2\/media\/180944"}],"wp:attachment":[{"href":"https:\/\/www.buroperiodistico.com.mx\/index.php?rest_route=%2Fwp%2Fv2%2Fmedia&parent=180940"}],"wp:term":[{"taxonomy":"category","embeddable":true,"href":"https:\/\/www.buroperiodistico.com.mx\/index.php?rest_route=%2Fwp%2Fv2%2Fcategories&post=180940"},{"taxonomy":"post_tag","embeddable":true,"href":"https:\/\/www.buroperiodistico.com.mx\/index.php?rest_route=%2Fwp%2Fv2%2Ftags&post=180940"}],"curies":[{"name":"wp","href":"https:\/\/api.w.org\/{rel}","templated":true}]}}