{"id":180930,"date":"2025-10-03T14:20:16","date_gmt":"2025-10-03T19:20:16","guid":{"rendered":"https:\/\/www.buroperiodistico.com.mx\/?p=180930"},"modified":"2025-10-03T14:20:16","modified_gmt":"2025-10-03T19:20:16","slug":"presentan-diputados-informes-anuales-de-gestion-legislativa","status":"publish","type":"post","link":"https:\/\/www.buroperiodistico.com.mx\/?p=180930","title":{"rendered":"Presentan Diputados Informes Anuales de Gesti\u00f3n Legislativa"},"content":{"rendered":"<p><em><strong><img loading=\"lazy\" decoding=\"async\" class=\" wp-image-180938 alignright\" src=\"https:\/\/www.buroperiodistico.com.mx\/wp-content\/uploads\/2025\/10\/Hpx-1.jpeg\" alt=\"\" width=\"545\" height=\"328\" srcset=\"https:\/\/www.buroperiodistico.com.mx\/wp-content\/uploads\/2025\/10\/Hpx-1.jpeg 1024w, https:\/\/www.buroperiodistico.com.mx\/wp-content\/uploads\/2025\/10\/Hpx-1-300x181.jpeg 300w, https:\/\/www.buroperiodistico.com.mx\/wp-content\/uploads\/2025\/10\/Hpx-1-768x463.jpeg 768w\" sizes=\"auto, (max-width: 545px) 100vw, 545px\" \/>Cd. Victoria, Tam (3-Octubre-2025).-<\/strong><\/em> Con el firme compromiso de transparentar su labor parlamentaria y fortalecer la rendici\u00f3n de cuentas, diputadas y diputados integrantes de la Legislatura 66 del Congreso local cumplieron con la entrega de sus informes anuales de actividades legislativas.<\/p>\n<p>De cara a la ciudadan\u00eda y en apego a los principios de transparencia, las diputadas y los diputados Judith Katalyna M\u00e9ndez Cepeda, Byron Alejandro Eduardo Cavazos Tapia, Isidro Jes\u00fas Vargas Fern\u00e1ndez, Mercedes del Carmen Guill\u00e9n Vicente, Ana Laura Huerta Valdovinos, Lucero Desodady Mart\u00ednez L\u00f3pez, Yuriria Iturbe V\u00e1zquez, Claudio de Leija Hinojosa y Gabriela Regalado Fuentes entregaron su informe de actividades ante la Secretar\u00eda General del Congreso del Estado, presentaron la documentaci\u00f3n correspondiente en los formatos establecidos, durante el periodo de agosto a octubre del presente a\u00f1o.<\/p>\n<p>Durante la entrega de sus informes, las y los legisladores coincidieron en se\u00f1alar que su trabajo ha respondido a las demandas m\u00e1s sentidas de los tamaulipecos, enfoc\u00e1ndose en iniciativas que promuevan el bienestar social, el fortalecimiento de los derechos ciudadanos, la transparencia gubernamental y la mejora de los servicios p\u00fablicos.<\/p>\n<p>Este ejercicio reafirma el compromiso de la actual Legislatura con los principios de legalidad y responsabilidad institucional, al informar con claridad los avances logrados en materia legislativa, de gesti\u00f3n social y de representaci\u00f3n popular.<\/p>\n<p>Las diputadas y diputados destacaron que el trabajo realizado durante el \u00faltimo a\u00f1o ha sido resultado del di\u00e1logo permanente con la ciudadan\u00eda y de una labor cercana a las necesidades de cada distrito, a trav\u00e9s de iniciativas, reformas y acciones que impactan directamente en la vida diaria de las y los tamaulipecos.<\/p>\n<p><img loading=\"lazy\" decoding=\"async\" class=\"aligncenter size-full wp-image-180931\" src=\"https:\/\/www.buroperiodistico.com.mx\/wp-content\/uploads\/2025\/10\/Hpx-I-1.jpeg\" alt=\"\" width=\"640\" height=\"417\" srcset=\"https:\/\/www.buroperiodistico.com.mx\/wp-content\/uploads\/2025\/10\/Hpx-I-1.jpeg 640w, https:\/\/www.buroperiodistico.com.mx\/wp-content\/uploads\/2025\/10\/Hpx-I-1-300x195.jpeg 300w\" sizes=\"auto, (max-width: 640px) 100vw, 640px\" \/> <img loading=\"lazy\" decoding=\"async\" class=\"aligncenter size-full wp-image-180937\" src=\"https:\/\/www.buroperiodistico.com.mx\/wp-content\/uploads\/2025\/10\/Hpx-IIIIIII.jpeg\" alt=\"\" width=\"640\" height=\"436\" srcset=\"https:\/\/www.buroperiodistico.com.mx\/wp-content\/uploads\/2025\/10\/Hpx-IIIIIII.jpeg 640w, https:\/\/www.buroperiodistico.com.mx\/wp-content\/uploads\/2025\/10\/Hpx-IIIIIII-300x204.jpeg 300w\" sizes=\"auto, (max-width: 640px) 100vw, 640px\" \/> <img loading=\"lazy\" decoding=\"async\" class=\"aligncenter size-full wp-image-180936\" src=\"https:\/\/www.buroperiodistico.com.mx\/wp-content\/uploads\/2025\/10\/Hpx-IIIIIIa.jpeg\" alt=\"\" width=\"529\" height=\"480\" srcset=\"https:\/\/www.buroperiodistico.com.mx\/wp-content\/uploads\/2025\/10\/Hpx-IIIIIIa.jpeg 529w, https:\/\/www.buroperiodistico.com.mx\/wp-content\/uploads\/2025\/10\/Hpx-IIIIIIa-300x272.jpeg 300w\" sizes=\"auto, (max-width: 529px) 100vw, 529px\" \/> <img loading=\"lazy\" decoding=\"async\" class=\"aligncenter size-full wp-image-180935\" src=\"https:\/\/www.buroperiodistico.com.mx\/wp-content\/uploads\/2025\/10\/Hpx-IIIII.jpeg\" alt=\"\" width=\"585\" height=\"480\" srcset=\"https:\/\/www.buroperiodistico.com.mx\/wp-content\/uploads\/2025\/10\/Hpx-IIIII.jpeg 585w, https:\/\/www.buroperiodistico.com.mx\/wp-content\/uploads\/2025\/10\/Hpx-IIIII-300x246.jpeg 300w\" sizes=\"auto, (max-width: 585px) 100vw, 585px\" \/> <img loading=\"lazy\" decoding=\"async\" class=\"aligncenter size-full wp-image-180934\" src=\"https:\/\/www.buroperiodistico.com.mx\/wp-content\/uploads\/2025\/10\/Hpx-IIII.jpeg\" alt=\"\" width=\"615\" height=\"480\" srcset=\"https:\/\/www.buroperiodistico.com.mx\/wp-content\/uploads\/2025\/10\/Hpx-IIII.jpeg 615w, https:\/\/www.buroperiodistico.com.mx\/wp-content\/uploads\/2025\/10\/Hpx-IIII-300x234.jpeg 300w\" sizes=\"auto, (max-width: 615px) 100vw, 615px\" \/> <img loading=\"lazy\" decoding=\"async\" class=\"aligncenter size-full wp-image-180933\" src=\"https:\/\/www.buroperiodistico.com.mx\/wp-content\/uploads\/2025\/10\/Hpx-III-1.jpeg\" alt=\"\" width=\"623\" height=\"480\" srcset=\"https:\/\/www.buroperiodistico.com.mx\/wp-content\/uploads\/2025\/10\/Hpx-III-1.jpeg 623w, https:\/\/www.buroperiodistico.com.mx\/wp-content\/uploads\/2025\/10\/Hpx-III-1-300x231.jpeg 300w\" sizes=\"auto, (max-width: 623px) 100vw, 623px\" \/> <img loading=\"lazy\" decoding=\"async\" class=\"aligncenter size-full wp-image-180932\" src=\"https:\/\/www.buroperiodistico.com.mx\/wp-content\/uploads\/2025\/10\/Hpx-II-1.jpeg\" alt=\"\" width=\"527\" height=\"480\" srcset=\"https:\/\/www.buroperiodistico.com.mx\/wp-content\/uploads\/2025\/10\/Hpx-II-1.jpeg 527w, https:\/\/www.buroperiodistico.com.mx\/wp-content\/uploads\/2025\/10\/Hpx-II-1-300x273.jpeg 300w\" sizes=\"auto, (max-width: 527px) 100vw, 527px\" \/><\/p>\n","protected":false},"excerpt":{"rendered":"<p>Cd. Victoria, Tam (3-Octubre-2025).- Con el firme compromiso de transparentar su labor parlamentaria y fortalecer&#8230;<\/p>\n","protected":false},"author":1,"featured_media":180938,"comment_status":"closed","ping_status":"closed","sticky":false,"template":"","format":"standard","meta":{"footnotes":"","jetpack_publicize_message":"","jetpack_publicize_feature_enabled":true,"jetpack_social_post_already_shared":true,"jetpack_social_options":{"image_generator_settings":{"template":"highway","default_image_id":0,"font":"","enabled":false},"version":2}},"categories":[17],"tags":[],"class_list":["post-180930","post","type-post","status-publish","format-standard","has-post-thumbnail","hentry","category-ciudadvictoria"],"jetpack_publicize_connections":[],"_links":{"self":[{"href":"https:\/\/www.buroperiodistico.com.mx\/index.php?rest_route=\/wp\/v2\/posts\/180930","targetHints":{"allow":["GET"]}}],"collection":[{"href":"https:\/\/www.buroperiodistico.com.mx\/index.php?rest_route=\/wp\/v2\/posts"}],"about":[{"href":"https:\/\/www.buroperiodistico.com.mx\/index.php?rest_route=\/wp\/v2\/types\/post"}],"author":[{"embeddable":true,"href":"https:\/\/www.buroperiodistico.com.mx\/index.php?rest_route=\/wp\/v2\/users\/1"}],"replies":[{"embeddable":true,"href":"https:\/\/www.buroperiodistico.com.mx\/index.php?rest_route=%2Fwp%2Fv2%2Fcomments&post=180930"}],"version-history":[{"count":0,"href":"https:\/\/www.buroperiodistico.com.mx\/index.php?rest_route=\/wp\/v2\/posts\/180930\/revisions"}],"wp:featuredmedia":[{"embeddable":true,"href":"https:\/\/www.buroperiodistico.com.mx\/index.php?rest_route=\/wp\/v2\/media\/180938"}],"wp:attachment":[{"href":"https:\/\/www.buroperiodistico.com.mx\/index.php?rest_route=%2Fwp%2Fv2%2Fmedia&parent=180930"}],"wp:term":[{"taxonomy":"category","embeddable":true,"href":"https:\/\/www.buroperiodistico.com.mx\/index.php?rest_route=%2Fwp%2Fv2%2Fcategories&post=180930"},{"taxonomy":"post_tag","embeddable":true,"href":"https:\/\/www.buroperiodistico.com.mx\/index.php?rest_route=%2Fwp%2Fv2%2Ftags&post=180930"}],"curies":[{"name":"wp","href":"https:\/\/api.w.org\/{rel}","templated":true}]}}