{"id":180923,"date":"2025-10-03T14:02:14","date_gmt":"2025-10-03T19:02:14","guid":{"rendered":"https:\/\/www.buroperiodistico.com.mx\/?p=180923"},"modified":"2025-10-03T14:02:14","modified_gmt":"2025-10-03T19:02:14","slug":"arranca-la-ruta-tamaulipas-2025-para-descubrir-las-bellezas-de-tamaulipas","status":"publish","type":"post","link":"https:\/\/www.buroperiodistico.com.mx\/?p=180923","title":{"rendered":"Arranca \u201cLa Ruta Tamaulipas 2025\u201d para descubrir las bellezas de Tamaulipas"},"content":{"rendered":"<p><em><strong><img loading=\"lazy\" decoding=\"async\" class=\" wp-image-180928 alignright\" src=\"https:\/\/www.buroperiodistico.com.mx\/wp-content\/uploads\/2025\/10\/STUTamaulipas.jpeg\" alt=\"\" width=\"456\" height=\"275\" srcset=\"https:\/\/www.buroperiodistico.com.mx\/wp-content\/uploads\/2025\/10\/STUTamaulipas.jpeg 1024w, https:\/\/www.buroperiodistico.com.mx\/wp-content\/uploads\/2025\/10\/STUTamaulipas-300x181.jpeg 300w, https:\/\/www.buroperiodistico.com.mx\/wp-content\/uploads\/2025\/10\/STUTamaulipas-768x464.jpeg 768w\" sizes=\"auto, (max-width: 456px) 100vw, 456px\" \/>Ciudad Victoria, Tamaulipas (3-Octubre-2025).-<\/strong><\/em> Racers arrancaron un \u00e9pico recorrido, conquistando las carreteras y descubriendo las bellezas naturales de nueve municipios de Tamaulipas dentro de \u201cLa Ruta Tamaulipas 2025\u201d.<\/p>\n<p>\u201cUna experiencia llena de adrenalina, paisajes de ensue\u00f1o y la pasi\u00f3n sobre ruedas\u201d, se\u00f1al\u00f3 Benjam\u00edn Hern\u00e1ndez Rodr\u00edguez, secretario de Turismo en Tamaulipas.<\/p>\n<p>\u00abEstamos creando paquetes tur\u00edsticos irresistibles, enriqueciendo la oferta con experiencias recreativas, culturales y gastron\u00f3micas, entre otras m\u00e1s, dise\u00f1adas para cautivar a todo tipo de viajeros\u201d, explic\u00f3 el funcionario estatal.<\/p>\n<p>Refiri\u00f3 que el grupo parti\u00f3 de la capital de Tamaulipas, Ciudad Victoria, rumbo a las bellezas naturales de Jaumave, santuario de la guacamaya verde; el vergel tamaulipeco de Ocampo; y la ciudad m\u00e1s dulce del planeta, El Mante.<\/p>\n<p>Posteriormente, continuaron con Gonz\u00e1lez y sus campos de girasoles; Aldama y el cenote m\u00e1s profundo del mundo; Madero, con su hermosa playa Miramar; y Altamira, con sus dunas, ecoturismo y mucho m\u00e1s.<\/p>\n<p>El Gobierno de Tamaulipas est\u00e1 impulsando y fortaleciendo la industria tur\u00edstica mediante inversiones en infraestructura, la mejora de la conectividad y servicios, la promoci\u00f3n estrat\u00e9gica de destinos y la creaci\u00f3n de productos tur\u00edsticos atractivos y sostenibles, entre otras estrategias, concluy\u00f3 el titular de Turismo, Benjam\u00edn Hern\u00e1ndez Rodr\u00edguez.<\/p>\n<p><img loading=\"lazy\" decoding=\"async\" class=\"aligncenter size-full wp-image-180924\" src=\"https:\/\/www.buroperiodistico.com.mx\/wp-content\/uploads\/2025\/10\/STUTamaulipas-I.jpeg\" alt=\"\" width=\"640\" height=\"427\" srcset=\"https:\/\/www.buroperiodistico.com.mx\/wp-content\/uploads\/2025\/10\/STUTamaulipas-I.jpeg 640w, https:\/\/www.buroperiodistico.com.mx\/wp-content\/uploads\/2025\/10\/STUTamaulipas-I-300x200.jpeg 300w\" sizes=\"auto, (max-width: 640px) 100vw, 640px\" \/> <img loading=\"lazy\" decoding=\"async\" class=\"aligncenter size-full wp-image-180927\" src=\"https:\/\/www.buroperiodistico.com.mx\/wp-content\/uploads\/2025\/10\/STUTamaulipas-IIII.jpeg\" alt=\"\" width=\"536\" height=\"480\" srcset=\"https:\/\/www.buroperiodistico.com.mx\/wp-content\/uploads\/2025\/10\/STUTamaulipas-IIII.jpeg 536w, https:\/\/www.buroperiodistico.com.mx\/wp-content\/uploads\/2025\/10\/STUTamaulipas-IIII-300x269.jpeg 300w\" sizes=\"auto, (max-width: 536px) 100vw, 536px\" \/> <img loading=\"lazy\" decoding=\"async\" class=\"aligncenter size-full wp-image-180926\" src=\"https:\/\/www.buroperiodistico.com.mx\/wp-content\/uploads\/2025\/10\/STUTamaulipas-III.jpeg\" alt=\"\" width=\"640\" height=\"427\" srcset=\"https:\/\/www.buroperiodistico.com.mx\/wp-content\/uploads\/2025\/10\/STUTamaulipas-III.jpeg 640w, https:\/\/www.buroperiodistico.com.mx\/wp-content\/uploads\/2025\/10\/STUTamaulipas-III-300x200.jpeg 300w\" sizes=\"auto, (max-width: 640px) 100vw, 640px\" \/> <img loading=\"lazy\" decoding=\"async\" class=\"aligncenter size-full wp-image-180925\" src=\"https:\/\/www.buroperiodistico.com.mx\/wp-content\/uploads\/2025\/10\/STUTamaulipas-II.jpeg\" alt=\"\" width=\"640\" height=\"427\" srcset=\"https:\/\/www.buroperiodistico.com.mx\/wp-content\/uploads\/2025\/10\/STUTamaulipas-II.jpeg 640w, https:\/\/www.buroperiodistico.com.mx\/wp-content\/uploads\/2025\/10\/STUTamaulipas-II-300x200.jpeg 300w\" sizes=\"auto, (max-width: 640px) 100vw, 640px\" \/><\/p>\n","protected":false},"excerpt":{"rendered":"<p>Ciudad Victoria, Tamaulipas (3-Octubre-2025).- Racers arrancaron un \u00e9pico recorrido, conquistando las carreteras y descubriendo las&#8230;<\/p>\n","protected":false},"author":1,"featured_media":180928,"comment_status":"closed","ping_status":"closed","sticky":false,"template":"","format":"standard","meta":{"footnotes":"","jetpack_publicize_message":"","jetpack_publicize_feature_enabled":true,"jetpack_social_post_already_shared":true,"jetpack_social_options":{"image_generator_settings":{"template":"highway","default_image_id":0,"font":"","enabled":false},"version":2}},"categories":[10],"tags":[],"class_list":["post-180923","post","type-post","status-publish","format-standard","has-post-thumbnail","hentry","category-tamaulipas"],"jetpack_publicize_connections":[],"_links":{"self":[{"href":"https:\/\/www.buroperiodistico.com.mx\/index.php?rest_route=\/wp\/v2\/posts\/180923","targetHints":{"allow":["GET"]}}],"collection":[{"href":"https:\/\/www.buroperiodistico.com.mx\/index.php?rest_route=\/wp\/v2\/posts"}],"about":[{"href":"https:\/\/www.buroperiodistico.com.mx\/index.php?rest_route=\/wp\/v2\/types\/post"}],"author":[{"embeddable":true,"href":"https:\/\/www.buroperiodistico.com.mx\/index.php?rest_route=\/wp\/v2\/users\/1"}],"replies":[{"embeddable":true,"href":"https:\/\/www.buroperiodistico.com.mx\/index.php?rest_route=%2Fwp%2Fv2%2Fcomments&post=180923"}],"version-history":[{"count":0,"href":"https:\/\/www.buroperiodistico.com.mx\/index.php?rest_route=\/wp\/v2\/posts\/180923\/revisions"}],"wp:featuredmedia":[{"embeddable":true,"href":"https:\/\/www.buroperiodistico.com.mx\/index.php?rest_route=\/wp\/v2\/media\/180928"}],"wp:attachment":[{"href":"https:\/\/www.buroperiodistico.com.mx\/index.php?rest_route=%2Fwp%2Fv2%2Fmedia&parent=180923"}],"wp:term":[{"taxonomy":"category","embeddable":true,"href":"https:\/\/www.buroperiodistico.com.mx\/index.php?rest_route=%2Fwp%2Fv2%2Fcategories&post=180923"},{"taxonomy":"post_tag","embeddable":true,"href":"https:\/\/www.buroperiodistico.com.mx\/index.php?rest_route=%2Fwp%2Fv2%2Ftags&post=180923"}],"curies":[{"name":"wp","href":"https:\/\/api.w.org\/{rel}","templated":true}]}}