{"id":180918,"date":"2025-10-03T13:54:37","date_gmt":"2025-10-03T18:54:37","guid":{"rendered":"https:\/\/www.buroperiodistico.com.mx\/?p=180918"},"modified":"2025-10-03T13:54:37","modified_gmt":"2025-10-03T18:54:37","slug":"fortalece-extensionismo-agricola-cadenas-productivas-en-tamaulipas","status":"publish","type":"post","link":"https:\/\/www.buroperiodistico.com.mx\/?p=180918","title":{"rendered":"Fortalece extensionismo agr\u00edcola cadenas productivas en Tamaulipas"},"content":{"rendered":"<p><em><strong><img loading=\"lazy\" decoding=\"async\" class=\" wp-image-180921 alignright\" src=\"https:\/\/www.buroperiodistico.com.mx\/wp-content\/uploads\/2025\/10\/SRUTamaulipas.jpeg\" alt=\"\" width=\"522\" height=\"323\" srcset=\"https:\/\/www.buroperiodistico.com.mx\/wp-content\/uploads\/2025\/10\/SRUTamaulipas.jpeg 1024w, https:\/\/www.buroperiodistico.com.mx\/wp-content\/uploads\/2025\/10\/SRUTamaulipas-300x186.jpeg 300w, https:\/\/www.buroperiodistico.com.mx\/wp-content\/uploads\/2025\/10\/SRUTamaulipas-768x476.jpeg 768w\" sizes=\"auto, (max-width: 522px) 100vw, 522px\" \/>Ciudad Victoria, Tamaulipas (3-Octubre-2025).-<\/strong><\/em> Con el objetivo de fortalecer las acciones de acompa\u00f1amiento t\u00e9cnico en el campo, el subsecretario de Desarrollo Agr\u00edcola, Eliseo Camacho Nieto, presidi\u00f3 la reuni\u00f3n de evaluaci\u00f3n de los trabajos de desarrollo de capacidades que llevan a cabo los t\u00e9cnicos extensionistas con las y los productores de diversas cadenas agroalimentarias.<\/p>\n<p>Durante el encuentro, se cont\u00f3 con la participaci\u00f3n de 18 t\u00e9cnicos extensionistas que brindan acompa\u00f1amiento a las cadenas productivas de ma\u00edz, pitaya, ca\u00f1a de az\u00facar, mango, nopal, hortalizas y frijol.<\/p>\n<p>El subsecretario destac\u00f3 que estas evaluaciones permiten dar un seguimiento puntual y efectivo a las actividades realizadas en campo, adem\u00e1s de identificar avances, retos y \u00e1reas de oportunidad en los procesos de capacitaci\u00f3n y transferencia de conocimientos hacia las y los productores.<\/p>\n<p>\u201cEl extensionismo es una herramienta fundamental para el desarrollo rural. A trav\u00e9s de estas reuniones, evaluamos el impacto del trabajo t\u00e9cnico y fortalecemos las capacidades locales para lograr una agricultura m\u00e1s productiva y sostenible\u201d, subray\u00f3 Camacho Nieto.<\/p>\n<p>En la sesi\u00f3n estuvieron presentes Sergio L\u00f3pez, director de Extensionismo Agr\u00edcola; \u00c1ngel Parra Trejo, de la cadena ca\u00f1a de az\u00facar; F\u00e9lix Rodr\u00edguez, frijol; Fernando Guerrero, ma\u00edz; Jaime Gonz\u00e1lez, az\u00facar; Nubbia G\u00e1mez, cadena frijol; Dolores Mata Ruiz, cadena de ma\u00edz; Jos\u00e9 Guadalupe. Barrientos, hortalizas; Jaime Lara, nopal, y Fernando Ruiz, cadena de pitaya.<\/p>\n<p><img loading=\"lazy\" decoding=\"async\" class=\"aligncenter size-full wp-image-180919\" src=\"https:\/\/www.buroperiodistico.com.mx\/wp-content\/uploads\/2025\/10\/SRUTamaulipas-I.jpeg\" alt=\"\" width=\"640\" height=\"427\" srcset=\"https:\/\/www.buroperiodistico.com.mx\/wp-content\/uploads\/2025\/10\/SRUTamaulipas-I.jpeg 640w, https:\/\/www.buroperiodistico.com.mx\/wp-content\/uploads\/2025\/10\/SRUTamaulipas-I-300x200.jpeg 300w\" sizes=\"auto, (max-width: 640px) 100vw, 640px\" \/> <img loading=\"lazy\" decoding=\"async\" class=\"aligncenter size-full wp-image-180920\" src=\"https:\/\/www.buroperiodistico.com.mx\/wp-content\/uploads\/2025\/10\/SRUTamaulipas-II.jpeg\" alt=\"\" width=\"640\" height=\"427\" srcset=\"https:\/\/www.buroperiodistico.com.mx\/wp-content\/uploads\/2025\/10\/SRUTamaulipas-II.jpeg 640w, https:\/\/www.buroperiodistico.com.mx\/wp-content\/uploads\/2025\/10\/SRUTamaulipas-II-300x200.jpeg 300w\" sizes=\"auto, (max-width: 640px) 100vw, 640px\" \/><\/p>\n","protected":false},"excerpt":{"rendered":"<p>Ciudad Victoria, Tamaulipas (3-Octubre-2025).- Con el objetivo de fortalecer las acciones de acompa\u00f1amiento t\u00e9cnico en&#8230;<\/p>\n","protected":false},"author":1,"featured_media":180921,"comment_status":"closed","ping_status":"closed","sticky":false,"template":"","format":"standard","meta":{"footnotes":"","jetpack_publicize_message":"","jetpack_publicize_feature_enabled":true,"jetpack_social_post_already_shared":true,"jetpack_social_options":{"image_generator_settings":{"template":"highway","default_image_id":0,"font":"","enabled":false},"version":2}},"categories":[10],"tags":[],"class_list":["post-180918","post","type-post","status-publish","format-standard","has-post-thumbnail","hentry","category-tamaulipas"],"jetpack_publicize_connections":[],"_links":{"self":[{"href":"https:\/\/www.buroperiodistico.com.mx\/index.php?rest_route=\/wp\/v2\/posts\/180918","targetHints":{"allow":["GET"]}}],"collection":[{"href":"https:\/\/www.buroperiodistico.com.mx\/index.php?rest_route=\/wp\/v2\/posts"}],"about":[{"href":"https:\/\/www.buroperiodistico.com.mx\/index.php?rest_route=\/wp\/v2\/types\/post"}],"author":[{"embeddable":true,"href":"https:\/\/www.buroperiodistico.com.mx\/index.php?rest_route=\/wp\/v2\/users\/1"}],"replies":[{"embeddable":true,"href":"https:\/\/www.buroperiodistico.com.mx\/index.php?rest_route=%2Fwp%2Fv2%2Fcomments&post=180918"}],"version-history":[{"count":0,"href":"https:\/\/www.buroperiodistico.com.mx\/index.php?rest_route=\/wp\/v2\/posts\/180918\/revisions"}],"wp:featuredmedia":[{"embeddable":true,"href":"https:\/\/www.buroperiodistico.com.mx\/index.php?rest_route=\/wp\/v2\/media\/180921"}],"wp:attachment":[{"href":"https:\/\/www.buroperiodistico.com.mx\/index.php?rest_route=%2Fwp%2Fv2%2Fmedia&parent=180918"}],"wp:term":[{"taxonomy":"category","embeddable":true,"href":"https:\/\/www.buroperiodistico.com.mx\/index.php?rest_route=%2Fwp%2Fv2%2Fcategories&post=180918"},{"taxonomy":"post_tag","embeddable":true,"href":"https:\/\/www.buroperiodistico.com.mx\/index.php?rest_route=%2Fwp%2Fv2%2Ftags&post=180918"}],"curies":[{"name":"wp","href":"https:\/\/api.w.org\/{rel}","templated":true}]}}