{"id":180910,"date":"2025-10-03T13:32:17","date_gmt":"2025-10-03T18:32:17","guid":{"rendered":"https:\/\/www.buroperiodistico.com.mx\/?p=180910"},"modified":"2025-10-03T13:32:17","modified_gmt":"2025-10-03T18:32:17","slug":"no-estan-solas-alejandra-yelitza-garza-impulsa-campana-contra-el-cancer-de-mama-en-reynosa","status":"publish","type":"post","link":"https:\/\/www.buroperiodistico.com.mx\/?p=180910","title":{"rendered":"\u201cNo est\u00e1n solas\u201d: Alejandra Yelitza Garza impulsa campa\u00f1a contra el c\u00e1ncer de mama en Reynosa"},"content":{"rendered":"<ul>\n<li><strong><em>DIF-Reynosa fortalece la prevenci\u00f3n en el Mes Rosa.<\/em><\/strong><\/li>\n<\/ul>\n<p><strong><img loading=\"lazy\" decoding=\"async\" class=\" wp-image-180914 alignright\" src=\"https:\/\/www.buroperiodistico.com.mx\/wp-content\/uploads\/2025\/10\/DIfx.jpeg\" alt=\"\" width=\"559\" height=\"343\" srcset=\"https:\/\/www.buroperiodistico.com.mx\/wp-content\/uploads\/2025\/10\/DIfx.jpeg 1024w, https:\/\/www.buroperiodistico.com.mx\/wp-content\/uploads\/2025\/10\/DIfx-300x184.jpeg 300w, https:\/\/www.buroperiodistico.com.mx\/wp-content\/uploads\/2025\/10\/DIfx-768x471.jpeg 768w\" sizes=\"auto, (max-width: 559px) 100vw, 559px\" \/>Reynosa, Tam (3-Octubre-2025).-<\/strong> \u00abA todas las mujeres que hoy nos acompa\u00f1an, les digo de coraz\u00f3n, no est\u00e1n solas, cuentan conmigo para seguir trabajando juntas, de la mano, por la salud, la prevenci\u00f3n y el bienestar de cada mujer de esta ciudad\u00bb, expres\u00f3 la Presidenta del Voluntariado DIF-Reynosa, Alejandra Yelitza Garza, durante el arranque de la Campa\u00f1a de Prevenci\u00f3n de C\u00e1ncer de Mama y Pr\u00f3tesis Externa de Mama.<\/p>\n<p>En su mensaje lleno de esperanza, exhort\u00f3 a las mujeres a realizarse la autoexploraci\u00f3n mensual a partir de los 25 a\u00f1os, la exploraci\u00f3n cl\u00ednica anual y la mastograf\u00eda a partir de los 40 a\u00f1os, estudios que representan la mejor herramienta para la prevenci\u00f3n y record\u00f3 que durante el 2024 se realizaron 477 exploraciones de mama y 410 mastograf\u00edas gratuitas, todas con interpretaci\u00f3n de especialistas, y que este a\u00f1o la meta es superar las 500 exploraciones.<\/p>\n<p>La Presidenta del Voluntariado DIF Municipal, adem\u00e1s anunci\u00f3 que 50 mujeres que han pasado por una mastectom\u00eda ser\u00e1n beneficiadas con la entrega gratuita de pr\u00f3tesis externa de mama, brasier y manga de drenaje linf\u00e1tico, brind\u00e1ndoles no solo recuperaci\u00f3n f\u00edsica, sino tambi\u00e9n apoyo emocional.<\/p>\n<p>En el evento, agradeci\u00f3 al Presidente Municipal, Lic. Carlos Pe\u00f1a Ortiz, por su firme compromiso con la salud de las mujeres, as\u00ed como al Lic. Carlos Luis Pe\u00f1a Garza, Presidente del Patronato DIF Reynosa, por acercar los servicios m\u00e9dicos y sembrar conciencia sobre la importancia de la detecci\u00f3n oportuna.<\/p>\n<p><img loading=\"lazy\" decoding=\"async\" class=\"aligncenter size-full wp-image-180911\" src=\"https:\/\/www.buroperiodistico.com.mx\/wp-content\/uploads\/2025\/10\/DIfx-I.jpeg\" alt=\"\" width=\"640\" height=\"427\" srcset=\"https:\/\/www.buroperiodistico.com.mx\/wp-content\/uploads\/2025\/10\/DIfx-I.jpeg 640w, https:\/\/www.buroperiodistico.com.mx\/wp-content\/uploads\/2025\/10\/DIfx-I-300x200.jpeg 300w\" sizes=\"auto, (max-width: 640px) 100vw, 640px\" \/> <img loading=\"lazy\" decoding=\"async\" class=\"aligncenter size-full wp-image-180913\" src=\"https:\/\/www.buroperiodistico.com.mx\/wp-content\/uploads\/2025\/10\/DIfx-III.jpeg\" alt=\"\" width=\"640\" height=\"373\" srcset=\"https:\/\/www.buroperiodistico.com.mx\/wp-content\/uploads\/2025\/10\/DIfx-III.jpeg 640w, https:\/\/www.buroperiodistico.com.mx\/wp-content\/uploads\/2025\/10\/DIfx-III-300x175.jpeg 300w\" sizes=\"auto, (max-width: 640px) 100vw, 640px\" \/> <img loading=\"lazy\" decoding=\"async\" class=\"aligncenter size-full wp-image-180912\" src=\"https:\/\/www.buroperiodistico.com.mx\/wp-content\/uploads\/2025\/10\/DIfx-II.jpeg\" alt=\"\" width=\"640\" height=\"427\" srcset=\"https:\/\/www.buroperiodistico.com.mx\/wp-content\/uploads\/2025\/10\/DIfx-II.jpeg 640w, https:\/\/www.buroperiodistico.com.mx\/wp-content\/uploads\/2025\/10\/DIfx-II-300x200.jpeg 300w\" sizes=\"auto, (max-width: 640px) 100vw, 640px\" \/><\/p>\n","protected":false},"excerpt":{"rendered":"<p>DIF-Reynosa fortalece la prevenci\u00f3n en el Mes Rosa. Reynosa, Tam (3-Octubre-2025).- \u00abA todas las mujeres&#8230;<\/p>\n","protected":false},"author":1,"featured_media":180914,"comment_status":"closed","ping_status":"closed","sticky":false,"template":"","format":"standard","meta":{"footnotes":"","jetpack_publicize_message":"","jetpack_publicize_feature_enabled":true,"jetpack_social_post_already_shared":true,"jetpack_social_options":{"image_generator_settings":{"template":"highway","default_image_id":0,"font":"","enabled":false},"version":2}},"categories":[9],"tags":[],"class_list":["post-180910","post","type-post","status-publish","format-standard","has-post-thumbnail","hentry","category-reynosa"],"jetpack_publicize_connections":[],"_links":{"self":[{"href":"https:\/\/www.buroperiodistico.com.mx\/index.php?rest_route=\/wp\/v2\/posts\/180910","targetHints":{"allow":["GET"]}}],"collection":[{"href":"https:\/\/www.buroperiodistico.com.mx\/index.php?rest_route=\/wp\/v2\/posts"}],"about":[{"href":"https:\/\/www.buroperiodistico.com.mx\/index.php?rest_route=\/wp\/v2\/types\/post"}],"author":[{"embeddable":true,"href":"https:\/\/www.buroperiodistico.com.mx\/index.php?rest_route=\/wp\/v2\/users\/1"}],"replies":[{"embeddable":true,"href":"https:\/\/www.buroperiodistico.com.mx\/index.php?rest_route=%2Fwp%2Fv2%2Fcomments&post=180910"}],"version-history":[{"count":0,"href":"https:\/\/www.buroperiodistico.com.mx\/index.php?rest_route=\/wp\/v2\/posts\/180910\/revisions"}],"wp:featuredmedia":[{"embeddable":true,"href":"https:\/\/www.buroperiodistico.com.mx\/index.php?rest_route=\/wp\/v2\/media\/180914"}],"wp:attachment":[{"href":"https:\/\/www.buroperiodistico.com.mx\/index.php?rest_route=%2Fwp%2Fv2%2Fmedia&parent=180910"}],"wp:term":[{"taxonomy":"category","embeddable":true,"href":"https:\/\/www.buroperiodistico.com.mx\/index.php?rest_route=%2Fwp%2Fv2%2Fcategories&post=180910"},{"taxonomy":"post_tag","embeddable":true,"href":"https:\/\/www.buroperiodistico.com.mx\/index.php?rest_route=%2Fwp%2Fv2%2Ftags&post=180910"}],"curies":[{"name":"wp","href":"https:\/\/api.w.org\/{rel}","templated":true}]}}