{"id":180903,"date":"2025-10-03T11:01:49","date_gmt":"2025-10-03T16:01:49","guid":{"rendered":"https:\/\/www.buroperiodistico.com.mx\/?p=180903"},"modified":"2025-10-03T11:01:49","modified_gmt":"2025-10-03T16:01:49","slug":"invita-gobierno-de-carlos-pena-ortiz-a-jovenes-de-12-a-25-anos-a-inscribirse-a-las-clases-gratuitas-de-mariachi-en-el-irca","status":"publish","type":"post","link":"https:\/\/www.buroperiodistico.com.mx\/?p=180903","title":{"rendered":"Invita Gobierno de Carlos Pe\u00f1a Ortiz a j\u00f3venes de 12 a 25 a\u00f1os a inscribirse a las clases gratuitas de mariachi en el IRCA"},"content":{"rendered":"<p><em><strong><img loading=\"lazy\" decoding=\"async\" class=\" wp-image-180904 alignright\" src=\"https:\/\/www.buroperiodistico.com.mx\/wp-content\/uploads\/2025\/10\/IRCx.jpg\" alt=\"\" width=\"599\" height=\"324\" srcset=\"https:\/\/www.buroperiodistico.com.mx\/wp-content\/uploads\/2025\/10\/IRCx.jpg 1110w, https:\/\/www.buroperiodistico.com.mx\/wp-content\/uploads\/2025\/10\/IRCx-300x162.jpg 300w, https:\/\/www.buroperiodistico.com.mx\/wp-content\/uploads\/2025\/10\/IRCx-1024x554.jpg 1024w, https:\/\/www.buroperiodistico.com.mx\/wp-content\/uploads\/2025\/10\/IRCx-768x415.jpg 768w\" sizes=\"auto, (max-width: 599px) 100vw, 599px\" \/>Reynosa, Tam (3-Octubre-2025).-<\/strong><\/em> El Gobierno de Reynosa, que preside el Alcalde Carlos Pe\u00f1a Ortiz, invita a j\u00f3venes de 12 a 25 a\u00f1os a inscribirse a las clases gratuitas de mariachi del Instituto Reynosense para la Cultura y las Artes, impartidas por el Maestro Ignacio Ortiz.<\/p>\n<p>Los alumnos podr\u00e1n aprender t\u00e9cnica vocal, interpretaci\u00f3n instrumental y formar parte de una de las tradiciones musicales m\u00e1s representativas de M\u00e9xico.<\/p>\n<p>Las inscripciones est\u00e1n abiertas en la sede Longoria del IRCA. Para mayores informes, comunicarse al tel\u00e9fono 8999255358.<\/p>\n<div style=\"width: 640px;\" class=\"wp-video\"><video class=\"wp-video-shortcode\" id=\"video-180903-1\" width=\"640\" height=\"360\" preload=\"metadata\" controls=\"controls\"><source type=\"video\/mp4\" src=\"https:\/\/www.buroperiodistico.com.mx\/wp-content\/uploads\/2025\/10\/WhatsApp-Video-2025-10-03-at-10.31.18-AM.mp4?_=1\" \/><a href=\"https:\/\/www.buroperiodistico.com.mx\/wp-content\/uploads\/2025\/10\/WhatsApp-Video-2025-10-03-at-10.31.18-AM.mp4\">https:\/\/www.buroperiodistico.com.mx\/wp-content\/uploads\/2025\/10\/WhatsApp-Video-2025-10-03-at-10.31.18-AM.mp4<\/a><\/video><\/div>\n","protected":false},"excerpt":{"rendered":"<p>Reynosa, Tam (3-Octubre-2025).- El Gobierno de Reynosa, que preside el Alcalde Carlos Pe\u00f1a Ortiz, invita&#8230;<\/p>\n","protected":false},"author":1,"featured_media":180904,"comment_status":"closed","ping_status":"closed","sticky":false,"template":"","format":"standard","meta":{"footnotes":"","jetpack_publicize_message":"","jetpack_publicize_feature_enabled":true,"jetpack_social_post_already_shared":true,"jetpack_social_options":{"image_generator_settings":{"template":"highway","default_image_id":0,"font":"","enabled":false},"version":2}},"categories":[9],"tags":[],"class_list":["post-180903","post","type-post","status-publish","format-standard","has-post-thumbnail","hentry","category-reynosa"],"jetpack_publicize_connections":[],"_links":{"self":[{"href":"https:\/\/www.buroperiodistico.com.mx\/index.php?rest_route=\/wp\/v2\/posts\/180903","targetHints":{"allow":["GET"]}}],"collection":[{"href":"https:\/\/www.buroperiodistico.com.mx\/index.php?rest_route=\/wp\/v2\/posts"}],"about":[{"href":"https:\/\/www.buroperiodistico.com.mx\/index.php?rest_route=\/wp\/v2\/types\/post"}],"author":[{"embeddable":true,"href":"https:\/\/www.buroperiodistico.com.mx\/index.php?rest_route=\/wp\/v2\/users\/1"}],"replies":[{"embeddable":true,"href":"https:\/\/www.buroperiodistico.com.mx\/index.php?rest_route=%2Fwp%2Fv2%2Fcomments&post=180903"}],"version-history":[{"count":0,"href":"https:\/\/www.buroperiodistico.com.mx\/index.php?rest_route=\/wp\/v2\/posts\/180903\/revisions"}],"wp:featuredmedia":[{"embeddable":true,"href":"https:\/\/www.buroperiodistico.com.mx\/index.php?rest_route=\/wp\/v2\/media\/180904"}],"wp:attachment":[{"href":"https:\/\/www.buroperiodistico.com.mx\/index.php?rest_route=%2Fwp%2Fv2%2Fmedia&parent=180903"}],"wp:term":[{"taxonomy":"category","embeddable":true,"href":"https:\/\/www.buroperiodistico.com.mx\/index.php?rest_route=%2Fwp%2Fv2%2Fcategories&post=180903"},{"taxonomy":"post_tag","embeddable":true,"href":"https:\/\/www.buroperiodistico.com.mx\/index.php?rest_route=%2Fwp%2Fv2%2Ftags&post=180903"}],"curies":[{"name":"wp","href":"https:\/\/api.w.org\/{rel}","templated":true}]}}