{"id":180881,"date":"2025-10-02T19:39:44","date_gmt":"2025-10-03T00:39:44","guid":{"rendered":"https:\/\/www.buroperiodistico.com.mx\/?p=180881"},"modified":"2025-10-02T19:39:44","modified_gmt":"2025-10-03T00:39:44","slug":"presidencia-cerquita-de-ti-llega-a-la-colonia-la-joya-alcaldesa-carmen-lilia-canturosas-reafirma-su-compromiso-con-la-ciudadania","status":"publish","type":"post","link":"https:\/\/www.buroperiodistico.com.mx\/?p=180881","title":{"rendered":"\u201cPRESIDENCIA CERQUITA DE TI\u201d LLEGA A LA COLONIA LA JOYA; ALCALDESA CARMEN LILIA CANTUROSAS REAFIRMA SU COMPROMISO CON LA CIUDADAN\u00cdA"},"content":{"rendered":"<p dir=\"ltr\"><em><strong><img loading=\"lazy\" decoding=\"async\" class=\" wp-image-180886 alignright\" src=\"https:\/\/www.buroperiodistico.com.mx\/wp-content\/uploads\/2025\/10\/CLCR-PCT.jpeg\" alt=\"\" width=\"518\" height=\"325\" srcset=\"https:\/\/www.buroperiodistico.com.mx\/wp-content\/uploads\/2025\/10\/CLCR-PCT.jpeg 1024w, https:\/\/www.buroperiodistico.com.mx\/wp-content\/uploads\/2025\/10\/CLCR-PCT-300x188.jpeg 300w, https:\/\/www.buroperiodistico.com.mx\/wp-content\/uploads\/2025\/10\/CLCR-PCT-768x482.jpeg 768w\" sizes=\"auto, (max-width: 518px) 100vw, 518px\" \/>Nuevo Laredo, Tam (2-Octubre-2025).-<\/strong><\/em> La alcaldesa Carmen Lilia Canturosas Villarreal encabez\u00f3 una nueva jornada del programa \u201cPresidencia Cerquita de Ti\u201d en la colonia La Joya, donde reiter\u00f3 su compromiso de escuchar, atender y dar seguimiento a las necesidades de los neolaredenses.<\/p>\n<p dir=\"ltr\">Durante la jornada, la presidenta municipal destac\u00f3 que este tipo de encuentros permiten estar cerca de la poblaci\u00f3n, conocer de primera mano sus inquietudes y dar respuesta inmediata o programar soluciones a mediano plazo.<\/p>\n<p dir=\"ltr\">\u201cEstamos aqu\u00ed para escuchar y atender a nuestra gente. Todo el Gobierno Municipal trabaja de la mano con la ciudadan\u00eda, dando respuesta a sus necesidades. Lo importante es que las peticiones no se queden en palabras: lo que se puede resolver en el momento, lo resolvemos, porque nuestra prioridad es que la gente se vaya con soluciones y con la certeza de que su voz cuenta\u201d, afirm\u00f3.<\/p>\n<p dir=\"ltr\">Canturosas Villarreal subray\u00f3 que entre las principales demandas de la poblaci\u00f3n se encuentran mejoras en alumbrado, servicios sanitarios, salud y obras de infraestructura, temas que el Gobierno Municipal atiende de manera constante y con una planeaci\u00f3n responsable.<\/p>\n<p dir=\"ltr\">Adem\u00e1s de atender de manera directa a ciudadanos, la presidenta municipal entreg\u00f3 apoyos alimentarios a familias del sector, quienes ahora est\u00e1n inscritos en este programa de bienestar para mejorar su calidad de vida.<\/p>\n<p dir=\"ltr\">Durante la brigada, se atendieron a cientos de vecinos de las colonias La Joya, La Sand\u00eda, Buenavista, Alianza, Voluntades, entre otras, quienes aprovecharon la campa\u00f1a de corte de cabello, consultas m\u00e9dicas, asesor\u00edas legales, entre otros servicios gratuitos que se ofrecieron.<\/p>\n<p>La alcaldesa reiter\u00f3 que su administraci\u00f3n se distingue por un trabajo cercano, humanista y transparente, que busca mejorar la calidad de vida de las familias neolaredenses. \u201cPresidencia Cerquita de Ti\u201d contin\u00faa siendo un espacio de di\u00e1logo directo entre gobierno y ciudadan\u00eda, reforzando la confianza y construyendo juntos un mejor Nuevo Laredo.<\/p>\n<p><img loading=\"lazy\" decoding=\"async\" class=\"aligncenter size-full wp-image-180882\" src=\"https:\/\/www.buroperiodistico.com.mx\/wp-content\/uploads\/2025\/10\/CLCR-PCT-I.jpeg\" alt=\"\" width=\"640\" height=\"428\" srcset=\"https:\/\/www.buroperiodistico.com.mx\/wp-content\/uploads\/2025\/10\/CLCR-PCT-I.jpeg 640w, https:\/\/www.buroperiodistico.com.mx\/wp-content\/uploads\/2025\/10\/CLCR-PCT-I-300x201.jpeg 300w\" sizes=\"auto, (max-width: 640px) 100vw, 640px\" \/> <img loading=\"lazy\" decoding=\"async\" class=\"aligncenter size-full wp-image-180885\" src=\"https:\/\/www.buroperiodistico.com.mx\/wp-content\/uploads\/2025\/10\/CLCR-PCT-IIII.jpeg\" alt=\"\" width=\"640\" height=\"428\" srcset=\"https:\/\/www.buroperiodistico.com.mx\/wp-content\/uploads\/2025\/10\/CLCR-PCT-IIII.jpeg 640w, https:\/\/www.buroperiodistico.com.mx\/wp-content\/uploads\/2025\/10\/CLCR-PCT-IIII-300x201.jpeg 300w\" sizes=\"auto, (max-width: 640px) 100vw, 640px\" \/> <img loading=\"lazy\" decoding=\"async\" class=\"aligncenter size-full wp-image-180884\" src=\"https:\/\/www.buroperiodistico.com.mx\/wp-content\/uploads\/2025\/10\/CLCR-PCT-III.jpeg\" alt=\"\" width=\"640\" height=\"428\" srcset=\"https:\/\/www.buroperiodistico.com.mx\/wp-content\/uploads\/2025\/10\/CLCR-PCT-III.jpeg 640w, https:\/\/www.buroperiodistico.com.mx\/wp-content\/uploads\/2025\/10\/CLCR-PCT-III-300x201.jpeg 300w\" sizes=\"auto, (max-width: 640px) 100vw, 640px\" \/> <img loading=\"lazy\" decoding=\"async\" class=\"aligncenter size-full wp-image-180883\" src=\"https:\/\/www.buroperiodistico.com.mx\/wp-content\/uploads\/2025\/10\/CLCR-PCT-II.jpeg\" alt=\"\" width=\"640\" height=\"428\" srcset=\"https:\/\/www.buroperiodistico.com.mx\/wp-content\/uploads\/2025\/10\/CLCR-PCT-II.jpeg 640w, https:\/\/www.buroperiodistico.com.mx\/wp-content\/uploads\/2025\/10\/CLCR-PCT-II-300x201.jpeg 300w\" sizes=\"auto, (max-width: 640px) 100vw, 640px\" \/><\/p>\n","protected":false},"excerpt":{"rendered":"<p>Nuevo Laredo, Tam (2-Octubre-2025).- La alcaldesa Carmen Lilia Canturosas Villarreal encabez\u00f3 una nueva jornada del&#8230;<\/p>\n","protected":false},"author":1,"featured_media":180886,"comment_status":"closed","ping_status":"closed","sticky":false,"template":"","format":"standard","meta":{"footnotes":"","jetpack_publicize_message":"","jetpack_publicize_feature_enabled":true,"jetpack_social_post_already_shared":true,"jetpack_social_options":{"image_generator_settings":{"template":"highway","default_image_id":0,"font":"","enabled":false},"version":2}},"categories":[16,25],"tags":[],"class_list":["post-180881","post","type-post","status-publish","format-standard","has-post-thumbnail","hentry","category-nuevolaredo","category-portada"],"jetpack_publicize_connections":[],"_links":{"self":[{"href":"https:\/\/www.buroperiodistico.com.mx\/index.php?rest_route=\/wp\/v2\/posts\/180881","targetHints":{"allow":["GET"]}}],"collection":[{"href":"https:\/\/www.buroperiodistico.com.mx\/index.php?rest_route=\/wp\/v2\/posts"}],"about":[{"href":"https:\/\/www.buroperiodistico.com.mx\/index.php?rest_route=\/wp\/v2\/types\/post"}],"author":[{"embeddable":true,"href":"https:\/\/www.buroperiodistico.com.mx\/index.php?rest_route=\/wp\/v2\/users\/1"}],"replies":[{"embeddable":true,"href":"https:\/\/www.buroperiodistico.com.mx\/index.php?rest_route=%2Fwp%2Fv2%2Fcomments&post=180881"}],"version-history":[{"count":0,"href":"https:\/\/www.buroperiodistico.com.mx\/index.php?rest_route=\/wp\/v2\/posts\/180881\/revisions"}],"wp:featuredmedia":[{"embeddable":true,"href":"https:\/\/www.buroperiodistico.com.mx\/index.php?rest_route=\/wp\/v2\/media\/180886"}],"wp:attachment":[{"href":"https:\/\/www.buroperiodistico.com.mx\/index.php?rest_route=%2Fwp%2Fv2%2Fmedia&parent=180881"}],"wp:term":[{"taxonomy":"category","embeddable":true,"href":"https:\/\/www.buroperiodistico.com.mx\/index.php?rest_route=%2Fwp%2Fv2%2Fcategories&post=180881"},{"taxonomy":"post_tag","embeddable":true,"href":"https:\/\/www.buroperiodistico.com.mx\/index.php?rest_route=%2Fwp%2Fv2%2Ftags&post=180881"}],"curies":[{"name":"wp","href":"https:\/\/api.w.org\/{rel}","templated":true}]}}