{"id":180878,"date":"2025-10-02T19:36:03","date_gmt":"2025-10-03T00:36:03","guid":{"rendered":"https:\/\/www.buroperiodistico.com.mx\/?p=180878"},"modified":"2025-10-02T19:36:03","modified_gmt":"2025-10-03T00:36:03","slug":"todo-listo-para-la-inauguracion-del-festival-internacional-en-la-costa-del-seno-mexicano-en-nuevo-laredo","status":"publish","type":"post","link":"https:\/\/www.buroperiodistico.com.mx\/?p=180878","title":{"rendered":"TODO LISTO PARA LA INAUGURACI\u00d3N DEL FESTIVAL INTERNACIONAL EN LA COSTA DEL SENO MEXICANO EN NUEVO LAREDO"},"content":{"rendered":"<p dir=\"ltr\"><em><strong><img loading=\"lazy\" decoding=\"async\" class=\" wp-image-180879 alignright\" src=\"https:\/\/www.buroperiodistico.com.mx\/wp-content\/uploads\/2025\/10\/FICSM-BROADWAY-BABY.jpg\" alt=\"\" width=\"537\" height=\"339\" srcset=\"https:\/\/www.buroperiodistico.com.mx\/wp-content\/uploads\/2025\/10\/FICSM-BROADWAY-BABY.jpg 1024w, https:\/\/www.buroperiodistico.com.mx\/wp-content\/uploads\/2025\/10\/FICSM-BROADWAY-BABY-300x189.jpg 300w, https:\/\/www.buroperiodistico.com.mx\/wp-content\/uploads\/2025\/10\/FICSM-BROADWAY-BABY-768x485.jpg 768w\" sizes=\"auto, (max-width: 537px) 100vw, 537px\" \/>Nuevo Laredo, Tam (2-Octubre-2025).-<\/strong><\/em> Todo est\u00e1 preparado para dar inicio al Festival Internacional en la Costa del Seno Mexicano (FICSM) en esta frontera, que abrir\u00e1 su edici\u00f3n 2025 con la presentaci\u00f3n de Broadway Baby, este viernes 3 de octubre a las 7:00 de la tarde en el teatro principal del Centro Cultural.<\/p>\n<p dir=\"ltr\">El espect\u00e1culo, a cargo de Bianca, combina una selecci\u00f3n de canciones emblem\u00e1ticas de Broadway con an\u00e9cdotas personales, en un recorrido art\u00edstico donde la int\u00e9rprete comparte lo que ha significado para ella conquistar algunos de los escenarios m\u00e1s importantes del mundo.<\/p>\n<p dir=\"ltr\">El FICSM se celebrar\u00e1 del 3 al 12 de octubre en distintos recintos culturales y espacios p\u00fablicos de Nuevo Laredo, acercando al p\u00fablico una amplia oferta de m\u00fasica, danza, teatro, cine y literatura con artistas de talla nacional e internacional.<\/p>\n<p dir=\"ltr\">Las autoridades invitaron a la ciudadan\u00eda a mantenerse atenta a las redes sociales del Gobierno del Estado, del Instituto Tamaulipeco para la Cultura y las Artes (ITCA) y del Gobierno Municipal, donde se dar\u00e1 a conocer la cartelera oficial con horarios y sedes de cada presentaci\u00f3n.<\/p>\n","protected":false},"excerpt":{"rendered":"<p>Nuevo Laredo, Tam (2-Octubre-2025).- Todo est\u00e1 preparado para dar inicio al Festival Internacional en la&#8230;<\/p>\n","protected":false},"author":1,"featured_media":180879,"comment_status":"closed","ping_status":"closed","sticky":false,"template":"","format":"standard","meta":{"footnotes":"","jetpack_publicize_message":"","jetpack_publicize_feature_enabled":true,"jetpack_social_post_already_shared":true,"jetpack_social_options":{"image_generator_settings":{"template":"highway","default_image_id":0,"font":"","enabled":false},"version":2}},"categories":[16],"tags":[],"class_list":["post-180878","post","type-post","status-publish","format-standard","has-post-thumbnail","hentry","category-nuevolaredo"],"jetpack_publicize_connections":[],"_links":{"self":[{"href":"https:\/\/www.buroperiodistico.com.mx\/index.php?rest_route=\/wp\/v2\/posts\/180878","targetHints":{"allow":["GET"]}}],"collection":[{"href":"https:\/\/www.buroperiodistico.com.mx\/index.php?rest_route=\/wp\/v2\/posts"}],"about":[{"href":"https:\/\/www.buroperiodistico.com.mx\/index.php?rest_route=\/wp\/v2\/types\/post"}],"author":[{"embeddable":true,"href":"https:\/\/www.buroperiodistico.com.mx\/index.php?rest_route=\/wp\/v2\/users\/1"}],"replies":[{"embeddable":true,"href":"https:\/\/www.buroperiodistico.com.mx\/index.php?rest_route=%2Fwp%2Fv2%2Fcomments&post=180878"}],"version-history":[{"count":0,"href":"https:\/\/www.buroperiodistico.com.mx\/index.php?rest_route=\/wp\/v2\/posts\/180878\/revisions"}],"wp:featuredmedia":[{"embeddable":true,"href":"https:\/\/www.buroperiodistico.com.mx\/index.php?rest_route=\/wp\/v2\/media\/180879"}],"wp:attachment":[{"href":"https:\/\/www.buroperiodistico.com.mx\/index.php?rest_route=%2Fwp%2Fv2%2Fmedia&parent=180878"}],"wp:term":[{"taxonomy":"category","embeddable":true,"href":"https:\/\/www.buroperiodistico.com.mx\/index.php?rest_route=%2Fwp%2Fv2%2Fcategories&post=180878"},{"taxonomy":"post_tag","embeddable":true,"href":"https:\/\/www.buroperiodistico.com.mx\/index.php?rest_route=%2Fwp%2Fv2%2Ftags&post=180878"}],"curies":[{"name":"wp","href":"https:\/\/api.w.org\/{rel}","templated":true}]}}