{"id":180870,"date":"2025-10-02T19:31:42","date_gmt":"2025-10-03T00:31:42","guid":{"rendered":"https:\/\/www.buroperiodistico.com.mx\/?p=180870"},"modified":"2025-10-02T19:31:42","modified_gmt":"2025-10-03T00:31:42","slug":"juventudes-de-nuevo-laredo-encuentran-oportunidades-laborales-en-la-segunda-feria-universitaria-del-empleo","status":"publish","type":"post","link":"https:\/\/www.buroperiodistico.com.mx\/?p=180870","title":{"rendered":"JUVENTUDES DE NUEVO LAREDO ENCUENTRAN OPORTUNIDADES LABORALES EN LA SEGUNDA FERIA UNIVERSITARIA DEL EMPLEO"},"content":{"rendered":"<p dir=\"ltr\"><em><strong><img loading=\"lazy\" decoding=\"async\" class=\" wp-image-180872 alignright\" src=\"https:\/\/www.buroperiodistico.com.mx\/wp-content\/uploads\/2025\/10\/FERIA-EMPLEO-UNIVERSITARIO.jpg\" alt=\"\" width=\"469\" height=\"271\" srcset=\"https:\/\/www.buroperiodistico.com.mx\/wp-content\/uploads\/2025\/10\/FERIA-EMPLEO-UNIVERSITARIO.jpg 1024w, https:\/\/www.buroperiodistico.com.mx\/wp-content\/uploads\/2025\/10\/FERIA-EMPLEO-UNIVERSITARIO-300x173.jpg 300w, https:\/\/www.buroperiodistico.com.mx\/wp-content\/uploads\/2025\/10\/FERIA-EMPLEO-UNIVERSITARIO-768x444.jpg 768w\" sizes=\"auto, (max-width: 469px) 100vw, 469px\" \/>Nuevo Laredo, Tam (2-Octubre-2025).-<\/strong><\/em> Con el prop\u00f3sito de acercar a las y los j\u00f3venes a nuevas oportunidades de desarrollo profesional, se llev\u00f3 a cabo en el Instituto Tecnol\u00f3gico de Nuevo Laredo (TecNM) la Segunda Feria Universitaria del Empleo, un programa impulsado por la presidenta municipal Carmen Lilia Canturosas Villarreal a trav\u00e9s de la Secretar\u00eda de Desarrollo Econ\u00f3mico y el Instituto Municipal para el Desarrollo de la Juventud (IMJUVE).<\/p>\n<p dir=\"ltr\">En esta edici\u00f3n participaron m\u00e1s de 20 empresas locales que ofrecieron m\u00e1s de 100 vacantes, dise\u00f1adas de acuerdo con los perfiles profesionales de la comunidad estudiantil del Tecnol\u00f3gico. Los espacios laborales abarcaron sectores como transporte, maquiladoras, agencias aduanales, servicios y log\u00edstica, fortaleciendo los v\u00ednculos entre el sector productivo y la juventud universitaria.<\/p>\n<p dir=\"ltr\">Adem\u00e1s de la vinculaci\u00f3n laboral, la feria incluy\u00f3 un componente de salud preventiva con la Campa\u00f1a de Salud Sexual y Reproductiva del IMJUVE, en la que participaron el \u00e1rea de Salud Municipal, la Jurisdicci\u00f3n Sanitaria y el IMSS. En los m\u00f3dulos se brind\u00f3 informaci\u00f3n, entrega de m\u00e9todos anticonceptivos, pruebas de detecci\u00f3n de enfermedades de transmisi\u00f3n sexual y vacunaciones, reforzando as\u00ed el compromiso con el bienestar integral de la juventud.<\/p>\n<p dir=\"ltr\">El evento cont\u00f3 con la presencia de la secretaria de Desarrollo Econ\u00f3mico, Arq. Lorena Cavazos; el director del IMJUVE, Lic. Jes\u00fas Espinoza Hern\u00e1ndez; el director de Comercio, Empleo y Pymes, Miguel \u00c1ngel Carrillo; el director del TecNM, M.C. Benito S\u00e1nchez Raya; la subdirectora de Vinculaci\u00f3n, Dra. Rosa Isela Gonz\u00e1lez N\u00fa\u00f1ez, y el regidor \u00d3scar Trevi\u00f1o, presidente de la Comisi\u00f3n de Desarrollo Econ\u00f3mico.<\/p>\n<p>Con estas acciones, el Gobierno Municipal refrenda su compromiso de impulsar el futuro laboral de las juventudes, generando puentes entre la formaci\u00f3n acad\u00e9mica, la salud y las oportunidades profesionales.<\/p>\n<p><img loading=\"lazy\" decoding=\"async\" class=\"aligncenter size-full wp-image-180871\" src=\"https:\/\/www.buroperiodistico.com.mx\/wp-content\/uploads\/2025\/10\/FERIA-EMPLEO-UNIVERSITARIO-I.jpg\" alt=\"\" width=\"640\" height=\"428\" srcset=\"https:\/\/www.buroperiodistico.com.mx\/wp-content\/uploads\/2025\/10\/FERIA-EMPLEO-UNIVERSITARIO-I.jpg 640w, https:\/\/www.buroperiodistico.com.mx\/wp-content\/uploads\/2025\/10\/FERIA-EMPLEO-UNIVERSITARIO-I-300x201.jpg 300w\" sizes=\"auto, (max-width: 640px) 100vw, 640px\" \/><\/p>\n","protected":false},"excerpt":{"rendered":"<p>Nuevo Laredo, Tam (2-Octubre-2025).- Con el prop\u00f3sito de acercar a las y los j\u00f3venes a&#8230;<\/p>\n","protected":false},"author":1,"featured_media":180872,"comment_status":"closed","ping_status":"closed","sticky":false,"template":"","format":"standard","meta":{"footnotes":"","jetpack_publicize_message":"","jetpack_publicize_feature_enabled":true,"jetpack_social_post_already_shared":true,"jetpack_social_options":{"image_generator_settings":{"template":"highway","default_image_id":0,"font":"","enabled":false},"version":2}},"categories":[16],"tags":[],"class_list":["post-180870","post","type-post","status-publish","format-standard","has-post-thumbnail","hentry","category-nuevolaredo"],"jetpack_publicize_connections":[],"_links":{"self":[{"href":"https:\/\/www.buroperiodistico.com.mx\/index.php?rest_route=\/wp\/v2\/posts\/180870","targetHints":{"allow":["GET"]}}],"collection":[{"href":"https:\/\/www.buroperiodistico.com.mx\/index.php?rest_route=\/wp\/v2\/posts"}],"about":[{"href":"https:\/\/www.buroperiodistico.com.mx\/index.php?rest_route=\/wp\/v2\/types\/post"}],"author":[{"embeddable":true,"href":"https:\/\/www.buroperiodistico.com.mx\/index.php?rest_route=\/wp\/v2\/users\/1"}],"replies":[{"embeddable":true,"href":"https:\/\/www.buroperiodistico.com.mx\/index.php?rest_route=%2Fwp%2Fv2%2Fcomments&post=180870"}],"version-history":[{"count":0,"href":"https:\/\/www.buroperiodistico.com.mx\/index.php?rest_route=\/wp\/v2\/posts\/180870\/revisions"}],"wp:featuredmedia":[{"embeddable":true,"href":"https:\/\/www.buroperiodistico.com.mx\/index.php?rest_route=\/wp\/v2\/media\/180872"}],"wp:attachment":[{"href":"https:\/\/www.buroperiodistico.com.mx\/index.php?rest_route=%2Fwp%2Fv2%2Fmedia&parent=180870"}],"wp:term":[{"taxonomy":"category","embeddable":true,"href":"https:\/\/www.buroperiodistico.com.mx\/index.php?rest_route=%2Fwp%2Fv2%2Fcategories&post=180870"},{"taxonomy":"post_tag","embeddable":true,"href":"https:\/\/www.buroperiodistico.com.mx\/index.php?rest_route=%2Fwp%2Fv2%2Ftags&post=180870"}],"curies":[{"name":"wp","href":"https:\/\/api.w.org\/{rel}","templated":true}]}}