{"id":180863,"date":"2025-10-02T19:27:53","date_gmt":"2025-10-03T00:27:53","guid":{"rendered":"https:\/\/www.buroperiodistico.com.mx\/?p=180863"},"modified":"2025-10-02T19:27:53","modified_gmt":"2025-10-03T00:27:53","slug":"comparte-el-rector-logros-y-proyectos-con-estudiantes-de-la-facultad-de-derecho-victoria","status":"publish","type":"post","link":"https:\/\/www.buroperiodistico.com.mx\/?p=180863","title":{"rendered":"Comparte el rector logros y proyectos con estudiantes de la Facultad de Derecho Victoria"},"content":{"rendered":"<p><em><strong><img loading=\"lazy\" decoding=\"async\" class=\" wp-image-180868 alignright\" src=\"https:\/\/www.buroperiodistico.com.mx\/wp-content\/uploads\/2025\/10\/UAtx.jpg\" alt=\"\" width=\"445\" height=\"278\" srcset=\"https:\/\/www.buroperiodistico.com.mx\/wp-content\/uploads\/2025\/10\/UAtx.jpg 1024w, https:\/\/www.buroperiodistico.com.mx\/wp-content\/uploads\/2025\/10\/UAtx-300x188.jpg 300w, https:\/\/www.buroperiodistico.com.mx\/wp-content\/uploads\/2025\/10\/UAtx-768x480.jpg 768w\" sizes=\"auto, (max-width: 445px) 100vw, 445px\" \/>Ciudad Victoria, Tam (2-Octubre-2025).-<\/strong><\/em> Al encabezar un recorrido en la Facultad de Derecho y Ciencias Sociales Victoria (FDCSV), el rector D\u00e1maso Anaya Alvarado se reuni\u00f3 con estudiantes, docentes y personal directivo para informar sobre los logros m\u00e1s recientes de la Universidad Aut\u00f3noma de Tamaulipas (UAT), as\u00ed como compartir ideas y propuestas que fortalezcan el desarrollo de la instituci\u00f3n y de la comunidad universitaria.<\/p>\n<p>Durante la visita, que se llev\u00f3 a cabo en el marco de la jornada \u201cUn d\u00eda con tu rector\u201d, D\u00e1maso Anaya fue recibido por el director del plantel, Edy Izaguirre Trevi\u00f1o, y titulares de las diferentes \u00e1reas y coordinaciones de carrera, destac\u00e1ndose el compromiso de reforzar el proyecto institucional de la UAT, seguir creciendo y generar mayores oportunidades para la juventud estudiantil.<\/p>\n<p>Reafirmando su prop\u00f3sito de conocer de cerca las necesidades, proyectos y logros de la comunidad universitaria, el rector constat\u00f3 los avances de las licenciaturas de Derecho, Ciencias de la Comunicaci\u00f3n, Negocios Internacionales y Turismo, as\u00ed como de los posgrados y de la investigaci\u00f3n que impulsa la Facultad.<\/p>\n<p>Asimismo, expuso los logros de la UAT en materia acad\u00e9mica, cient\u00edfica y de vinculaci\u00f3n, se\u00f1alando que se han abierto oportunidades para que los universitarios participen en los proyectos con el Gobierno del Estado, que son esenciales para el desarrollo regional de Tamaulipas.<\/p>\n<p>Entre los proyectos presentados al rector, se expuso el convenio que se plantea con la Universidad Nacional Aut\u00f3noma de M\u00e9xico en materia acad\u00e9mica y cient\u00edfica; tambi\u00e9n se dio a conocer la vinculaci\u00f3n con universidades de Espa\u00f1a y Colombia; y la organizaci\u00f3n del Congreso Internacional de Turismo y Gastronom\u00eda Rural AMESTUR 2026, que se realizar\u00e1 del 7 al 8 de mayo, en Ciudad Victoria.<\/p>\n<p>En su recorrido por las instalaciones, el rector visit\u00f3 los salones de clase y el centro de c\u00f3mputo, donde convers\u00f3 con las y los estudiantes, exhort\u00e1ndolos a que, adem\u00e1s de la educaci\u00f3n de calidad, aprovechen los beneficios y servicios que la Universidad les proporciona para su formaci\u00f3n integral.<\/p>\n<p>Tambi\u00e9n dio la bienvenida a los alumnos de nuevo ingreso, y les expres\u00f3 su benepl\u00e1cito por haber elegido a la UAT, una instituci\u00f3n que, se\u00f1al\u00f3, crece cada vez m\u00e1s en matr\u00edcula y que diversifica su oferta para ser m\u00e1s competente a nivel nacional.<\/p>\n<p>Finalmente, D\u00e1maso Anaya visit\u00f3 el Centro Gastron\u00f3mico y presenci\u00f3 una pr\u00e1ctica de elaboraci\u00f3n de alimentos, donde convivi\u00f3 y dialog\u00f3 con los j\u00f3venes, quienes le agradecieron el compromiso de apoyar los proyectos para mejorar su Facultad.<\/p>\n<p><img loading=\"lazy\" decoding=\"async\" class=\"aligncenter size-full wp-image-180864\" src=\"https:\/\/www.buroperiodistico.com.mx\/wp-content\/uploads\/2025\/10\/UAtx-I.jpg\" alt=\"\" width=\"640\" height=\"360\" srcset=\"https:\/\/www.buroperiodistico.com.mx\/wp-content\/uploads\/2025\/10\/UAtx-I.jpg 640w, https:\/\/www.buroperiodistico.com.mx\/wp-content\/uploads\/2025\/10\/UAtx-I-300x169.jpg 300w\" sizes=\"auto, (max-width: 640px) 100vw, 640px\" \/> <img loading=\"lazy\" decoding=\"async\" class=\"aligncenter size-full wp-image-180867\" src=\"https:\/\/www.buroperiodistico.com.mx\/wp-content\/uploads\/2025\/10\/UAtx-IIII.jpg\" alt=\"\" width=\"640\" height=\"427\" srcset=\"https:\/\/www.buroperiodistico.com.mx\/wp-content\/uploads\/2025\/10\/UAtx-IIII.jpg 640w, https:\/\/www.buroperiodistico.com.mx\/wp-content\/uploads\/2025\/10\/UAtx-IIII-300x200.jpg 300w\" sizes=\"auto, (max-width: 640px) 100vw, 640px\" \/> <img loading=\"lazy\" decoding=\"async\" class=\"aligncenter size-full wp-image-180866\" src=\"https:\/\/www.buroperiodistico.com.mx\/wp-content\/uploads\/2025\/10\/UAtx-III.jpg\" alt=\"\" width=\"640\" height=\"427\" srcset=\"https:\/\/www.buroperiodistico.com.mx\/wp-content\/uploads\/2025\/10\/UAtx-III.jpg 640w, https:\/\/www.buroperiodistico.com.mx\/wp-content\/uploads\/2025\/10\/UAtx-III-300x200.jpg 300w\" sizes=\"auto, (max-width: 640px) 100vw, 640px\" \/> <img loading=\"lazy\" decoding=\"async\" class=\"aligncenter size-full wp-image-180865\" src=\"https:\/\/www.buroperiodistico.com.mx\/wp-content\/uploads\/2025\/10\/UAtx-II.jpg\" alt=\"\" width=\"640\" height=\"427\" srcset=\"https:\/\/www.buroperiodistico.com.mx\/wp-content\/uploads\/2025\/10\/UAtx-II.jpg 640w, https:\/\/www.buroperiodistico.com.mx\/wp-content\/uploads\/2025\/10\/UAtx-II-300x200.jpg 300w\" sizes=\"auto, (max-width: 640px) 100vw, 640px\" \/><\/p>\n","protected":false},"excerpt":{"rendered":"<p>Ciudad Victoria, Tam (2-Octubre-2025).- Al encabezar un recorrido en la Facultad de Derecho y Ciencias&#8230;<\/p>\n","protected":false},"author":1,"featured_media":180868,"comment_status":"closed","ping_status":"closed","sticky":false,"template":"","format":"standard","meta":{"footnotes":"","jetpack_publicize_message":"","jetpack_publicize_feature_enabled":true,"jetpack_social_post_already_shared":true,"jetpack_social_options":{"image_generator_settings":{"template":"highway","default_image_id":0,"font":"","enabled":false},"version":2}},"categories":[25,28],"tags":[],"class_list":["post-180863","post","type-post","status-publish","format-standard","has-post-thumbnail","hentry","category-portada","category-uat"],"jetpack_publicize_connections":[],"_links":{"self":[{"href":"https:\/\/www.buroperiodistico.com.mx\/index.php?rest_route=\/wp\/v2\/posts\/180863","targetHints":{"allow":["GET"]}}],"collection":[{"href":"https:\/\/www.buroperiodistico.com.mx\/index.php?rest_route=\/wp\/v2\/posts"}],"about":[{"href":"https:\/\/www.buroperiodistico.com.mx\/index.php?rest_route=\/wp\/v2\/types\/post"}],"author":[{"embeddable":true,"href":"https:\/\/www.buroperiodistico.com.mx\/index.php?rest_route=\/wp\/v2\/users\/1"}],"replies":[{"embeddable":true,"href":"https:\/\/www.buroperiodistico.com.mx\/index.php?rest_route=%2Fwp%2Fv2%2Fcomments&post=180863"}],"version-history":[{"count":0,"href":"https:\/\/www.buroperiodistico.com.mx\/index.php?rest_route=\/wp\/v2\/posts\/180863\/revisions"}],"wp:featuredmedia":[{"embeddable":true,"href":"https:\/\/www.buroperiodistico.com.mx\/index.php?rest_route=\/wp\/v2\/media\/180868"}],"wp:attachment":[{"href":"https:\/\/www.buroperiodistico.com.mx\/index.php?rest_route=%2Fwp%2Fv2%2Fmedia&parent=180863"}],"wp:term":[{"taxonomy":"category","embeddable":true,"href":"https:\/\/www.buroperiodistico.com.mx\/index.php?rest_route=%2Fwp%2Fv2%2Fcategories&post=180863"},{"taxonomy":"post_tag","embeddable":true,"href":"https:\/\/www.buroperiodistico.com.mx\/index.php?rest_route=%2Fwp%2Fv2%2Ftags&post=180863"}],"curies":[{"name":"wp","href":"https:\/\/api.w.org\/{rel}","templated":true}]}}