{"id":180855,"date":"2025-10-02T19:15:13","date_gmt":"2025-10-03T00:15:13","guid":{"rendered":"https:\/\/www.buroperiodistico.com.mx\/?p=180855"},"modified":"2025-10-02T19:15:13","modified_gmt":"2025-10-03T00:15:13","slug":"participan-jovenes-emprendedores-de-ciudad-madero-en-la-iniciativa-mercado-tamaulipas-del-injuve","status":"publish","type":"post","link":"https:\/\/www.buroperiodistico.com.mx\/?p=180855","title":{"rendered":"Participan j\u00f3venes emprendedores de Ciudad Madero en la iniciativa \u201cMercado Tamaulipas\u201d del INJUVE"},"content":{"rendered":"<ul>\n<li><strong><em>80 negocios locales participaron en esta jornada de emprendimiento<\/em><\/strong><\/li>\n<\/ul>\n<p><strong><img loading=\"lazy\" decoding=\"async\" class=\" wp-image-180861 alignright\" src=\"https:\/\/www.buroperiodistico.com.mx\/wp-content\/uploads\/2025\/10\/IJUTamaulipas.jpeg\" alt=\"\" width=\"504\" height=\"295\" srcset=\"https:\/\/www.buroperiodistico.com.mx\/wp-content\/uploads\/2025\/10\/IJUTamaulipas.jpeg 1024w, https:\/\/www.buroperiodistico.com.mx\/wp-content\/uploads\/2025\/10\/IJUTamaulipas-300x175.jpeg 300w, https:\/\/www.buroperiodistico.com.mx\/wp-content\/uploads\/2025\/10\/IJUTamaulipas-768x449.jpeg 768w\" sizes=\"auto, (max-width: 504px) 100vw, 504px\" \/>Ciudad Madero, Tamaulipas (2-Octubre-2025).-<\/strong> Con la finalidad de seguir apoyando e impulsando a las y los j\u00f3venes emprendedores en la entidad, el Instituto de la Juventud de Tamaulipas (INJUVE), llev\u00f3 a cabo una jornada de \u201cMercado Tamaulipas\u201d en la plaza principal de Ciudad Madero, con la participaci\u00f3n de 80 negocios locales.<\/p>\n<p>Oscar Azael Rodr\u00edguez Perales, director general del INJUVE, se\u00f1al\u00f3 que esta estrategia de emprendimiento ofrece un espacio inclusivo con la infraestructura necesaria para la instalaci\u00f3n totalmente libre.<\/p>\n<p>La din\u00e1mica es mediante la colocaci\u00f3n de stands con la intensi\u00f3n de que puedan vender su mercanc\u00eda, ofreciendo una gran variedad de productos, desde salud y belleza, ropa y calzado, joyer\u00eda, artesan\u00edas, souvenirs, alimentos y bebidas, entretenimiento, servicios, entre otros m\u00e1s.<\/p>\n<p>\u201cEsta iniciativa ha permitido construir una red de j\u00f3venes emprendedores que a su vez se han relacionado y fortalecido entre s\u00ed, inspirando a otros a vivir esta experiencia\u201d.<\/p>\n<p>\u201cSe ha mostrado un importante inter\u00e9s al encontrar una plataforma pr\u00e1ctica y eficiente para iniciar o hacer crecer sus negocios\u201d.<\/p>\n<p>\u201cMercado Tamaulipas se implementa mediante una gira de eventos que se llevan a cabo en diferentes municipios de la entidad, con el objetivo de abrir oportunidades a los j\u00f3venes y promover el emprendimiento a una edad temprana\u201d, comparti\u00f3 el funcionario estatal.<\/p>\n<p>Indic\u00f3 que esta iniciativa con visi\u00f3n emprendedora, se alinea a los objetivos de la Secretar\u00eda del Trabajo y Previsi\u00f3n Social (STyPS), que encabeza su titular, Luis Gerardo Illoldi Reyes, en fomentar el autoempleo en las y los j\u00f3venes tamaulipecos.<\/p>\n<p>Se\u00f1al\u00f3 que con estas acciones el Gobierno del Estado de Tamaulipas, que lidera el doctor Am\u00e9rico Villarreal Anaya, promueve mecanismos de inclusi\u00f3n que permiten incrementar la inserci\u00f3n laboral de las personas j\u00f3venes.<\/p>\n<p>El evento cont\u00f3 con la presencia de Jes\u00fas Mart\u00ednez Reding, director de Capacitaci\u00f3n de la Secretar\u00eda del Trabajo; Valeria Tamez, subdirectora de Atenci\u00f3n a la Juventud de Ciudad Madero; Mar\u00eda de los \u00c1ngeles Rojas Torres, directora del Instituto de la Juventud de Altamira; Ver\u00f3nica Vargas Avalos, coordinadora regional de Fondo Tamaulipas Oficina Sur de Tampico; Erick Eduardo Loredo, coordinador regional del INJUVE en Madero, y, Micaela Mu\u00f1iz, diputada suplente en representaci\u00f3n del diputado Marcelo Abundiz Ram\u00edrez.<\/p>\n<p><img loading=\"lazy\" decoding=\"async\" class=\"aligncenter size-full wp-image-180856\" src=\"https:\/\/www.buroperiodistico.com.mx\/wp-content\/uploads\/2025\/10\/IJUTamaulipas-I.jpeg\" alt=\"\" width=\"640\" height=\"427\" srcset=\"https:\/\/www.buroperiodistico.com.mx\/wp-content\/uploads\/2025\/10\/IJUTamaulipas-I.jpeg 640w, https:\/\/www.buroperiodistico.com.mx\/wp-content\/uploads\/2025\/10\/IJUTamaulipas-I-300x200.jpeg 300w\" sizes=\"auto, (max-width: 640px) 100vw, 640px\" \/> <img loading=\"lazy\" decoding=\"async\" class=\"aligncenter size-full wp-image-180860\" src=\"https:\/\/www.buroperiodistico.com.mx\/wp-content\/uploads\/2025\/10\/IJUTamaulipas-IIIII.jpeg\" alt=\"\" width=\"640\" height=\"427\" srcset=\"https:\/\/www.buroperiodistico.com.mx\/wp-content\/uploads\/2025\/10\/IJUTamaulipas-IIIII.jpeg 640w, https:\/\/www.buroperiodistico.com.mx\/wp-content\/uploads\/2025\/10\/IJUTamaulipas-IIIII-300x200.jpeg 300w\" sizes=\"auto, (max-width: 640px) 100vw, 640px\" \/> <img loading=\"lazy\" decoding=\"async\" class=\"aligncenter size-full wp-image-180859\" src=\"https:\/\/www.buroperiodistico.com.mx\/wp-content\/uploads\/2025\/10\/IJUTamaulipas-IIII.jpeg\" alt=\"\" width=\"640\" height=\"427\" srcset=\"https:\/\/www.buroperiodistico.com.mx\/wp-content\/uploads\/2025\/10\/IJUTamaulipas-IIII.jpeg 640w, https:\/\/www.buroperiodistico.com.mx\/wp-content\/uploads\/2025\/10\/IJUTamaulipas-IIII-300x200.jpeg 300w\" sizes=\"auto, (max-width: 640px) 100vw, 640px\" \/> <img loading=\"lazy\" decoding=\"async\" class=\"aligncenter size-full wp-image-180858\" src=\"https:\/\/www.buroperiodistico.com.mx\/wp-content\/uploads\/2025\/10\/IJUTamaulipas-III.jpeg\" alt=\"\" width=\"640\" height=\"427\" srcset=\"https:\/\/www.buroperiodistico.com.mx\/wp-content\/uploads\/2025\/10\/IJUTamaulipas-III.jpeg 640w, https:\/\/www.buroperiodistico.com.mx\/wp-content\/uploads\/2025\/10\/IJUTamaulipas-III-300x200.jpeg 300w\" sizes=\"auto, (max-width: 640px) 100vw, 640px\" \/> <img loading=\"lazy\" decoding=\"async\" class=\"aligncenter size-full wp-image-180857\" src=\"https:\/\/www.buroperiodistico.com.mx\/wp-content\/uploads\/2025\/10\/IJUTamaulipas-II.jpeg\" alt=\"\" width=\"640\" height=\"427\" srcset=\"https:\/\/www.buroperiodistico.com.mx\/wp-content\/uploads\/2025\/10\/IJUTamaulipas-II.jpeg 640w, https:\/\/www.buroperiodistico.com.mx\/wp-content\/uploads\/2025\/10\/IJUTamaulipas-II-300x200.jpeg 300w\" sizes=\"auto, (max-width: 640px) 100vw, 640px\" \/><\/p>\n","protected":false},"excerpt":{"rendered":"<p>80 negocios locales participaron en esta jornada de emprendimiento Ciudad Madero, Tamaulipas (2-Octubre-2025).- Con la&#8230;<\/p>\n","protected":false},"author":1,"featured_media":180861,"comment_status":"closed","ping_status":"closed","sticky":false,"template":"","format":"standard","meta":{"footnotes":"","jetpack_publicize_message":"","jetpack_publicize_feature_enabled":true,"jetpack_social_post_already_shared":true,"jetpack_social_options":{"image_generator_settings":{"template":"highway","default_image_id":0,"font":"","enabled":false},"version":2}},"categories":[10],"tags":[],"class_list":["post-180855","post","type-post","status-publish","format-standard","has-post-thumbnail","hentry","category-tamaulipas"],"jetpack_publicize_connections":[],"_links":{"self":[{"href":"https:\/\/www.buroperiodistico.com.mx\/index.php?rest_route=\/wp\/v2\/posts\/180855","targetHints":{"allow":["GET"]}}],"collection":[{"href":"https:\/\/www.buroperiodistico.com.mx\/index.php?rest_route=\/wp\/v2\/posts"}],"about":[{"href":"https:\/\/www.buroperiodistico.com.mx\/index.php?rest_route=\/wp\/v2\/types\/post"}],"author":[{"embeddable":true,"href":"https:\/\/www.buroperiodistico.com.mx\/index.php?rest_route=\/wp\/v2\/users\/1"}],"replies":[{"embeddable":true,"href":"https:\/\/www.buroperiodistico.com.mx\/index.php?rest_route=%2Fwp%2Fv2%2Fcomments&post=180855"}],"version-history":[{"count":0,"href":"https:\/\/www.buroperiodistico.com.mx\/index.php?rest_route=\/wp\/v2\/posts\/180855\/revisions"}],"wp:featuredmedia":[{"embeddable":true,"href":"https:\/\/www.buroperiodistico.com.mx\/index.php?rest_route=\/wp\/v2\/media\/180861"}],"wp:attachment":[{"href":"https:\/\/www.buroperiodistico.com.mx\/index.php?rest_route=%2Fwp%2Fv2%2Fmedia&parent=180855"}],"wp:term":[{"taxonomy":"category","embeddable":true,"href":"https:\/\/www.buroperiodistico.com.mx\/index.php?rest_route=%2Fwp%2Fv2%2Fcategories&post=180855"},{"taxonomy":"post_tag","embeddable":true,"href":"https:\/\/www.buroperiodistico.com.mx\/index.php?rest_route=%2Fwp%2Fv2%2Ftags&post=180855"}],"curies":[{"name":"wp","href":"https:\/\/api.w.org\/{rel}","templated":true}]}}