{"id":180835,"date":"2025-10-02T18:44:43","date_gmt":"2025-10-02T23:44:43","guid":{"rendered":"https:\/\/www.buroperiodistico.com.mx\/?p=180835"},"modified":"2025-10-02T18:44:43","modified_gmt":"2025-10-02T23:44:43","slug":"anuncia-dif-tamaulipas-proyectos-ganadores-de-la-convocatoria-lazos-del-bienestar-2025","status":"publish","type":"post","link":"https:\/\/www.buroperiodistico.com.mx\/?p=180835","title":{"rendered":"Anuncia DIF Tamaulipas proyectos ganadores de la convocatoria Lazos del Bienestar 2025"},"content":{"rendered":"<p><em><strong><img loading=\"lazy\" decoding=\"async\" class=\" wp-image-180839 alignright\" src=\"https:\/\/www.buroperiodistico.com.mx\/wp-content\/uploads\/2025\/10\/DIFBienestar.jpeg\" alt=\"\" width=\"533\" height=\"325\" srcset=\"https:\/\/www.buroperiodistico.com.mx\/wp-content\/uploads\/2025\/10\/DIFBienestar.jpeg 1024w, https:\/\/www.buroperiodistico.com.mx\/wp-content\/uploads\/2025\/10\/DIFBienestar-300x183.jpeg 300w, https:\/\/www.buroperiodistico.com.mx\/wp-content\/uploads\/2025\/10\/DIFBienestar-768x468.jpeg 768w\" sizes=\"auto, (max-width: 533px) 100vw, 533px\" \/>Ciudad Victoria, Tamaulipas (2-Octubre-2025).-<\/strong><\/em> Con el compromiso de fortalecer la asistencia social y mejorar la calidad de vida de las familias tamaulipecas, se dieron a conocer los proyectos seleccionados en la convocatoria Lazos del Bienestar 2025, estrategia impulsada por el gobernador Am\u00e9rico Villarreal Anaya y la presidenta del DIF Tamaulipas, Mar\u00eda de Villarreal.<\/p>\n<p>En total fueron seis organizaciones de cuatro municipios las que resultaron ganadoras tras la evaluaci\u00f3n de un jurado calificador, quienes reconocieron el impacto social de cada propuesta en beneficio de comunidades con alto y muy alto grado de marginaci\u00f3n.<\/p>\n<p>Los proyectos y las organizaciones seleccionadas son:<\/p>\n<p>\u00abUna habitaci\u00f3n con coraz\u00f3n\u00bb, Nuestra Casita A.C., de Altamira<\/p>\n<p>\u00abRenovaci\u00f3n y mantenimiento integral de la instalaci\u00f3n el\u00e9ctrica\u00bb, Casa Hogar del Asilo de Nuestra Se\u00f1ora de Lourdes de Tampico, Cd. Madero y la Regi\u00f3n A.C.<\/p>\n<p>\u00abFabricaci\u00f3n de pr\u00f3tesis para ni\u00f1as, ni\u00f1os y adolescentes en situaci\u00f3n de vulnerabilidad\u00bb, Manitas para To2 A.C., de Tampico.<\/p>\n<p>\u00abMejoramiento de la casa hogar para ni\u00f1as y ni\u00f1os desamparados\u00bb, Por un Hogar Digno para el Ni\u00f1o Desamparado A.C., de Matamoros.<\/p>\n<p>\u00abEquipar para Cuidar: Unidos por su Bienestar\u00bb, Asociaci\u00f3n Alzheimer de Tampico- Cd. Madero A.C.<\/p>\n<p>\u00abEnerg\u00eda solar y mejoramiento integral\u00bb, Posada del Peregrino de Tampico A.C.<\/p>\n<p>Cada una de estas instituciones cumpli\u00f3 con los requisitos establecidos en la convocatoria y recibir\u00e1 apoyo para dar continuidad a sus proyectos, enfocados en proteger a la ni\u00f1ez, brindar atenci\u00f3n a personas mayores, apoyar a familias en situaci\u00f3n vulnerable y promover el cuidado de la salud.<\/p>\n<p>La estrategia Lazos del Bienestar se implementa en 12 pol\u00edgonos prioritarios de los municipios de Nuevo Laredo, Reynosa, Matamoros, Victoria, Tampico, Madero, Altamira, Mante, Tula y San Fernando.<\/p>\n<p>Con este esfuerzo, los Mensajeros de Paz del DIF Tamaulipas reafirman su compromiso de llevar esperanza, armon\u00eda y mejores oportunidades de desarrollo a quienes m\u00e1s lo necesitan, consolidando al estado como un referente de pol\u00edticas sociales con enfoque humano.<\/p>\n<p><img loading=\"lazy\" decoding=\"async\" class=\"aligncenter size-full wp-image-180836\" src=\"https:\/\/www.buroperiodistico.com.mx\/wp-content\/uploads\/2025\/10\/DIFBienestar-I.jpeg\" alt=\"\" width=\"640\" height=\"426\" srcset=\"https:\/\/www.buroperiodistico.com.mx\/wp-content\/uploads\/2025\/10\/DIFBienestar-I.jpeg 640w, https:\/\/www.buroperiodistico.com.mx\/wp-content\/uploads\/2025\/10\/DIFBienestar-I-300x200.jpeg 300w\" sizes=\"auto, (max-width: 640px) 100vw, 640px\" \/> <img loading=\"lazy\" decoding=\"async\" class=\"aligncenter size-full wp-image-180838\" src=\"https:\/\/www.buroperiodistico.com.mx\/wp-content\/uploads\/2025\/10\/DIFBienestar-III.jpeg\" alt=\"\" width=\"640\" height=\"403\" srcset=\"https:\/\/www.buroperiodistico.com.mx\/wp-content\/uploads\/2025\/10\/DIFBienestar-III.jpeg 640w, https:\/\/www.buroperiodistico.com.mx\/wp-content\/uploads\/2025\/10\/DIFBienestar-III-300x189.jpeg 300w\" sizes=\"auto, (max-width: 640px) 100vw, 640px\" \/> <img loading=\"lazy\" decoding=\"async\" class=\"aligncenter size-full wp-image-180837\" src=\"https:\/\/www.buroperiodistico.com.mx\/wp-content\/uploads\/2025\/10\/DIFBienestar-II.jpeg\" alt=\"\" width=\"640\" height=\"480\" srcset=\"https:\/\/www.buroperiodistico.com.mx\/wp-content\/uploads\/2025\/10\/DIFBienestar-II.jpeg 640w, https:\/\/www.buroperiodistico.com.mx\/wp-content\/uploads\/2025\/10\/DIFBienestar-II-300x225.jpeg 300w\" sizes=\"auto, (max-width: 640px) 100vw, 640px\" \/><\/p>\n","protected":false},"excerpt":{"rendered":"<p>Ciudad Victoria, Tamaulipas (2-Octubre-2025).- Con el compromiso de fortalecer la asistencia social y mejorar la&#8230;<\/p>\n","protected":false},"author":1,"featured_media":180839,"comment_status":"closed","ping_status":"closed","sticky":false,"template":"","format":"standard","meta":{"footnotes":"","jetpack_publicize_message":"","jetpack_publicize_feature_enabled":true,"jetpack_social_post_already_shared":true,"jetpack_social_options":{"image_generator_settings":{"template":"highway","default_image_id":0,"font":"","enabled":false},"version":2}},"categories":[10],"tags":[],"class_list":["post-180835","post","type-post","status-publish","format-standard","has-post-thumbnail","hentry","category-tamaulipas"],"jetpack_publicize_connections":[],"_links":{"self":[{"href":"https:\/\/www.buroperiodistico.com.mx\/index.php?rest_route=\/wp\/v2\/posts\/180835","targetHints":{"allow":["GET"]}}],"collection":[{"href":"https:\/\/www.buroperiodistico.com.mx\/index.php?rest_route=\/wp\/v2\/posts"}],"about":[{"href":"https:\/\/www.buroperiodistico.com.mx\/index.php?rest_route=\/wp\/v2\/types\/post"}],"author":[{"embeddable":true,"href":"https:\/\/www.buroperiodistico.com.mx\/index.php?rest_route=\/wp\/v2\/users\/1"}],"replies":[{"embeddable":true,"href":"https:\/\/www.buroperiodistico.com.mx\/index.php?rest_route=%2Fwp%2Fv2%2Fcomments&post=180835"}],"version-history":[{"count":0,"href":"https:\/\/www.buroperiodistico.com.mx\/index.php?rest_route=\/wp\/v2\/posts\/180835\/revisions"}],"wp:featuredmedia":[{"embeddable":true,"href":"https:\/\/www.buroperiodistico.com.mx\/index.php?rest_route=\/wp\/v2\/media\/180839"}],"wp:attachment":[{"href":"https:\/\/www.buroperiodistico.com.mx\/index.php?rest_route=%2Fwp%2Fv2%2Fmedia&parent=180835"}],"wp:term":[{"taxonomy":"category","embeddable":true,"href":"https:\/\/www.buroperiodistico.com.mx\/index.php?rest_route=%2Fwp%2Fv2%2Fcategories&post=180835"},{"taxonomy":"post_tag","embeddable":true,"href":"https:\/\/www.buroperiodistico.com.mx\/index.php?rest_route=%2Fwp%2Fv2%2Ftags&post=180835"}],"curies":[{"name":"wp","href":"https:\/\/api.w.org\/{rel}","templated":true}]}}