{"id":180828,"date":"2025-10-02T18:37:59","date_gmt":"2025-10-02T23:37:59","guid":{"rendered":"https:\/\/www.buroperiodistico.com.mx\/?p=180828"},"modified":"2025-10-02T18:37:59","modified_gmt":"2025-10-02T23:37:59","slug":"celebra-universidad-tecnologica-del-mar-de-tamaulipas-bicentenario-15-anos-de-formacion-academica-y-compromiso-social","status":"publish","type":"post","link":"https:\/\/www.buroperiodistico.com.mx\/?p=180828","title":{"rendered":"Celebra Universidad Tecnol\u00f3gica del Mar de Tamaulipas Bicentenario 15 a\u00f1os de formaci\u00f3n acad\u00e9mica y compromiso social"},"content":{"rendered":"<p><em><strong><img loading=\"lazy\" decoding=\"async\" class=\" wp-image-180833 alignright\" src=\"https:\/\/www.buroperiodistico.com.mx\/wp-content\/uploads\/2025\/10\/UTBcompromisosocial.jpeg\" alt=\"\" width=\"603\" height=\"395\" srcset=\"https:\/\/www.buroperiodistico.com.mx\/wp-content\/uploads\/2025\/10\/UTBcompromisosocial.jpeg 1024w, https:\/\/www.buroperiodistico.com.mx\/wp-content\/uploads\/2025\/10\/UTBcompromisosocial-300x197.jpeg 300w, https:\/\/www.buroperiodistico.com.mx\/wp-content\/uploads\/2025\/10\/UTBcompromisosocial-768x503.jpeg 768w\" sizes=\"auto, (max-width: 603px) 100vw, 603px\" \/>Soto la Marina, Tamaulipas (2-Octubre-2025).-<\/strong><\/em> La Universidad Tecnol\u00f3gica del Mar de Tamaulipas Bicentenario (UTMART) celebr\u00f3 su 15.\u00ba aniversario, reafirmando su misi\u00f3n de brindar educaci\u00f3n superior de calidad y contribuir al desarrollo acad\u00e9mico, cultural y social de esta regi\u00f3n.<\/p>\n<p>Guadalupe Acosta Villarreal, rector de la universidad, comparti\u00f3 que con motivo del aniversario se realiz\u00f3 una agenda con actividades deportivas y culturales, entre ellas torneos de pesca, f\u00fatbol y voleibol playero, la carrera 5K y la premiaci\u00f3n del Concurso Estatal de Pintura 2025, donde se distingui\u00f3 el talento de j\u00f3venes artistas tamaulipecos.<\/p>\n<p>Inform\u00f3 que durante la ceremonia de premiaci\u00f3n, se entregaron reconocimientos y est\u00edmulos a las alumnas y alumnos ganadores de primer, segundo y tercer lugar, en presencia de padres de familia, docentes y autoridades educativas, lo que dio un marco de celebraci\u00f3n al esfuerzo y creatividad de la juventud.<\/p>\n<p>Mencion\u00f3 que, en el marco de esta conmemoraci\u00f3n, se inaugur\u00f3 la nueva cancha de f\u00fatbol sint\u00e9tico en la instituci\u00f3n; adem\u00e1s, se llevaron a cabo actividades de turismo universitario como la tirolesa, una muestra gastron\u00f3mica en el laboratorio de alimentos, la siembra de \u00e1rboles en el campus y un convivio entre la comunidad acad\u00e9mica y los asistentes.<\/p>\n<p>\u201cCelebrar estos 15 a\u00f1os es reconocer que en la UTMART se forman profesionistas con valores, compromiso y visi\u00f3n de futuro, que desde la ciencia, la tecnolog\u00eda y el trabajo en equipo impulsan el desarrollo de Tamaulipas y de M\u00e9xico\u201d, enfatiz\u00f3.<\/p>\n<p>Agradeci\u00f3 el respaldo de las autoridades y destac\u00f3 el apoyo permanente del gobernador Am\u00e9rico Villarreal Anaya y del secretario de Educaci\u00f3n, Miguel \u00c1ngel Valdez Garc\u00eda, para seguir consolidando a la universidad como un referente en innovaci\u00f3n y formaci\u00f3n profesional.<\/p>\n<p>Resalt\u00f3 que la universidad contin\u00faa su consolidaci\u00f3n como una instituci\u00f3n de educaci\u00f3n superior, que promueve la formaci\u00f3n integral, fomenta el arte y el deporte, y mantiene firme su compromiso con el progreso de las y los j\u00f3venes tamaulipecos.<\/p>\n<p>Entre las autoridades que asistieron a las actividades de aniversario de la UTMART estuvieron H\u00e9ctor Manuel Hern\u00e1ndez Navarro, coordinador de Vinculaci\u00f3n y Difusi\u00f3n de la Subsecretar\u00eda de Educaci\u00f3n Media Superior y Superior; Tereso Hern\u00e1ndez Cardona, director de Operaciones Regionales de Soto la Marina; adem\u00e1s de la presidenta municipal, Glynnis Jim\u00e9nez V\u00e1zquez, junto con directivos de instituciones educativas, autoridades navales y municipales.<\/p>\n<p><img loading=\"lazy\" decoding=\"async\" class=\"aligncenter size-full wp-image-180829\" src=\"https:\/\/www.buroperiodistico.com.mx\/wp-content\/uploads\/2025\/10\/UTBcompromisosocial-I.jpeg\" alt=\"\" width=\"640\" height=\"480\" srcset=\"https:\/\/www.buroperiodistico.com.mx\/wp-content\/uploads\/2025\/10\/UTBcompromisosocial-I.jpeg 640w, https:\/\/www.buroperiodistico.com.mx\/wp-content\/uploads\/2025\/10\/UTBcompromisosocial-I-300x225.jpeg 300w\" sizes=\"auto, (max-width: 640px) 100vw, 640px\" \/> <img loading=\"lazy\" decoding=\"async\" class=\"aligncenter size-full wp-image-180832\" src=\"https:\/\/www.buroperiodistico.com.mx\/wp-content\/uploads\/2025\/10\/UTBcompromisosocial-IIII.jpeg\" alt=\"\" width=\"640\" height=\"360\" srcset=\"https:\/\/www.buroperiodistico.com.mx\/wp-content\/uploads\/2025\/10\/UTBcompromisosocial-IIII.jpeg 640w, https:\/\/www.buroperiodistico.com.mx\/wp-content\/uploads\/2025\/10\/UTBcompromisosocial-IIII-300x169.jpeg 300w\" sizes=\"auto, (max-width: 640px) 100vw, 640px\" \/> <img loading=\"lazy\" decoding=\"async\" class=\"aligncenter size-full wp-image-180831\" src=\"https:\/\/www.buroperiodistico.com.mx\/wp-content\/uploads\/2025\/10\/UTBcompromisosocial-III.jpeg\" alt=\"\" width=\"640\" height=\"480\" srcset=\"https:\/\/www.buroperiodistico.com.mx\/wp-content\/uploads\/2025\/10\/UTBcompromisosocial-III.jpeg 640w, https:\/\/www.buroperiodistico.com.mx\/wp-content\/uploads\/2025\/10\/UTBcompromisosocial-III-300x225.jpeg 300w\" sizes=\"auto, (max-width: 640px) 100vw, 640px\" \/> <img loading=\"lazy\" decoding=\"async\" class=\"aligncenter size-full wp-image-180830\" src=\"https:\/\/www.buroperiodistico.com.mx\/wp-content\/uploads\/2025\/10\/UTBcompromisosocial-II.jpeg\" alt=\"\" width=\"640\" height=\"360\" srcset=\"https:\/\/www.buroperiodistico.com.mx\/wp-content\/uploads\/2025\/10\/UTBcompromisosocial-II.jpeg 640w, https:\/\/www.buroperiodistico.com.mx\/wp-content\/uploads\/2025\/10\/UTBcompromisosocial-II-300x169.jpeg 300w\" sizes=\"auto, (max-width: 640px) 100vw, 640px\" \/><\/p>\n","protected":false},"excerpt":{"rendered":"<p>Soto la Marina, Tamaulipas (2-Octubre-2025).- La Universidad Tecnol\u00f3gica del Mar de Tamaulipas Bicentenario (UTMART) celebr\u00f3&#8230;<\/p>\n","protected":false},"author":1,"featured_media":180833,"comment_status":"closed","ping_status":"closed","sticky":false,"template":"","format":"standard","meta":{"footnotes":"","jetpack_publicize_message":"","jetpack_publicize_feature_enabled":true,"jetpack_social_post_already_shared":true,"jetpack_social_options":{"image_generator_settings":{"template":"highway","default_image_id":0,"font":"","enabled":false},"version":2}},"categories":[10],"tags":[],"class_list":["post-180828","post","type-post","status-publish","format-standard","has-post-thumbnail","hentry","category-tamaulipas"],"jetpack_publicize_connections":[],"_links":{"self":[{"href":"https:\/\/www.buroperiodistico.com.mx\/index.php?rest_route=\/wp\/v2\/posts\/180828","targetHints":{"allow":["GET"]}}],"collection":[{"href":"https:\/\/www.buroperiodistico.com.mx\/index.php?rest_route=\/wp\/v2\/posts"}],"about":[{"href":"https:\/\/www.buroperiodistico.com.mx\/index.php?rest_route=\/wp\/v2\/types\/post"}],"author":[{"embeddable":true,"href":"https:\/\/www.buroperiodistico.com.mx\/index.php?rest_route=\/wp\/v2\/users\/1"}],"replies":[{"embeddable":true,"href":"https:\/\/www.buroperiodistico.com.mx\/index.php?rest_route=%2Fwp%2Fv2%2Fcomments&post=180828"}],"version-history":[{"count":0,"href":"https:\/\/www.buroperiodistico.com.mx\/index.php?rest_route=\/wp\/v2\/posts\/180828\/revisions"}],"wp:featuredmedia":[{"embeddable":true,"href":"https:\/\/www.buroperiodistico.com.mx\/index.php?rest_route=\/wp\/v2\/media\/180833"}],"wp:attachment":[{"href":"https:\/\/www.buroperiodistico.com.mx\/index.php?rest_route=%2Fwp%2Fv2%2Fmedia&parent=180828"}],"wp:term":[{"taxonomy":"category","embeddable":true,"href":"https:\/\/www.buroperiodistico.com.mx\/index.php?rest_route=%2Fwp%2Fv2%2Fcategories&post=180828"},{"taxonomy":"post_tag","embeddable":true,"href":"https:\/\/www.buroperiodistico.com.mx\/index.php?rest_route=%2Fwp%2Fv2%2Ftags&post=180828"}],"curies":[{"name":"wp","href":"https:\/\/api.w.org\/{rel}","templated":true}]}}