{"id":180822,"date":"2025-10-02T18:30:43","date_gmt":"2025-10-02T23:30:43","guid":{"rendered":"https:\/\/www.buroperiodistico.com.mx\/?p=180822"},"modified":"2025-10-02T18:30:43","modified_gmt":"2025-10-02T23:30:43","slug":"recibe-set-donacion-de-100-electrocardiogramas-para-trabajadores-educativos","status":"publish","type":"post","link":"https:\/\/www.buroperiodistico.com.mx\/?p=180822","title":{"rendered":"Recibe SET donaci\u00f3n de 100 electrocardiogramas para trabajadores educativos"},"content":{"rendered":"<p><em><strong><img loading=\"lazy\" decoding=\"async\" class=\" wp-image-180826 alignright\" src=\"https:\/\/www.buroperiodistico.com.mx\/wp-content\/uploads\/2025\/10\/SETeducativos.jpeg\" alt=\"\" width=\"498\" height=\"276\" srcset=\"https:\/\/www.buroperiodistico.com.mx\/wp-content\/uploads\/2025\/10\/SETeducativos.jpeg 1024w, https:\/\/www.buroperiodistico.com.mx\/wp-content\/uploads\/2025\/10\/SETeducativos-300x166.jpeg 300w, https:\/\/www.buroperiodistico.com.mx\/wp-content\/uploads\/2025\/10\/SETeducativos-768x426.jpeg 768w\" sizes=\"auto, (max-width: 498px) 100vw, 498px\" \/>Ciudad Victoria, Tamaulipas (2-Octubre-2025).-<\/strong><\/em> A trav\u00e9s de la Fundaci\u00f3n Qishle, la Secretar\u00eda de Educaci\u00f3n de Tamaulipas (SET) recibi\u00f3 la donaci\u00f3n de 100 electrocardiogramas para sus trabajadores, indic\u00f3 Samuel Alc\u00e1ntar Varela, titular de la Unidad Ejecutiva.<\/p>\n<p>Inform\u00f3 que, en el marco del D\u00eda Mundial del Coraz\u00f3n, la Direcci\u00f3n de Participaci\u00f3n Social de la Unidad Ejecutiva, a cargo de Gustavo Pe\u00f1a Mart\u00ednez, organiz\u00f3 una pl\u00e1tica de sensibilizaci\u00f3n sobre el cuidado cardiovascular y la prevenci\u00f3n de enfermedades del coraz\u00f3n, impartida por Eduardo Mart\u00ednez Villasana, m\u00e9dico especialista de la Fundaci\u00f3n Qishle.<\/p>\n<p>Explic\u00f3 que la exposici\u00f3n tuvo como objetivo concientizar a las y los trabajadores educativos sobre el impacto de las enfermedades cardiovasculares (ECV), promover la prevenci\u00f3n oportuna y fomentar una cultura de autocuidado entre las y los participantes.<\/p>\n<p>Coment\u00f3 que en la charla se tuvo la presencia de Alfredo Vargas Gonz\u00e1lez, presidente de la Fundaci\u00f3n Qishle, quien realiz\u00f3 esta donaci\u00f3n, fortaleciendo as\u00ed la promoci\u00f3n de la salud preventiva y sum\u00e1ndose a las acciones humanistas del gobernador Am\u00e9rico Villarreal Anaya y del secretario de Educaci\u00f3n, Miguel \u00c1ngel Valdez Garc\u00eda.<\/p>\n<p>Alc\u00e1ntar Varela se\u00f1al\u00f3 que, mediante este tipo de colaboraciones, la Secretar\u00eda de Educaci\u00f3n, a trav\u00e9s del \u00e1rea de Participaci\u00f3n Social, promueve una verdadera vinculaci\u00f3n entre los diversos sectores y empresas en la entidad con las y los trabajadores de la educaci\u00f3n, propiciando mayores beneficios para el personal educativo.<\/p>\n<p><img loading=\"lazy\" decoding=\"async\" class=\"aligncenter size-full wp-image-180823\" src=\"https:\/\/www.buroperiodistico.com.mx\/wp-content\/uploads\/2025\/10\/SETeducativos-I.jpeg\" alt=\"\" width=\"640\" height=\"412\" srcset=\"https:\/\/www.buroperiodistico.com.mx\/wp-content\/uploads\/2025\/10\/SETeducativos-I.jpeg 640w, https:\/\/www.buroperiodistico.com.mx\/wp-content\/uploads\/2025\/10\/SETeducativos-I-300x193.jpeg 300w\" sizes=\"auto, (max-width: 640px) 100vw, 640px\" \/> <img loading=\"lazy\" decoding=\"async\" class=\"aligncenter size-full wp-image-180825\" src=\"https:\/\/www.buroperiodistico.com.mx\/wp-content\/uploads\/2025\/10\/SETeducativos-III.jpeg\" alt=\"\" width=\"640\" height=\"374\" srcset=\"https:\/\/www.buroperiodistico.com.mx\/wp-content\/uploads\/2025\/10\/SETeducativos-III.jpeg 640w, https:\/\/www.buroperiodistico.com.mx\/wp-content\/uploads\/2025\/10\/SETeducativos-III-300x175.jpeg 300w\" sizes=\"auto, (max-width: 640px) 100vw, 640px\" \/> <img loading=\"lazy\" decoding=\"async\" class=\"aligncenter size-full wp-image-180824\" src=\"https:\/\/www.buroperiodistico.com.mx\/wp-content\/uploads\/2025\/10\/SETeducativos-II.jpeg\" alt=\"\" width=\"640\" height=\"480\" srcset=\"https:\/\/www.buroperiodistico.com.mx\/wp-content\/uploads\/2025\/10\/SETeducativos-II.jpeg 640w, https:\/\/www.buroperiodistico.com.mx\/wp-content\/uploads\/2025\/10\/SETeducativos-II-300x225.jpeg 300w\" sizes=\"auto, (max-width: 640px) 100vw, 640px\" \/><\/p>\n","protected":false},"excerpt":{"rendered":"<p>Ciudad Victoria, Tamaulipas (2-Octubre-2025).- A trav\u00e9s de la Fundaci\u00f3n Qishle, la Secretar\u00eda de Educaci\u00f3n de&#8230;<\/p>\n","protected":false},"author":1,"featured_media":180826,"comment_status":"closed","ping_status":"closed","sticky":false,"template":"","format":"standard","meta":{"footnotes":"","jetpack_publicize_message":"","jetpack_publicize_feature_enabled":true,"jetpack_social_post_already_shared":true,"jetpack_social_options":{"image_generator_settings":{"template":"highway","default_image_id":0,"font":"","enabled":false},"version":2}},"categories":[10],"tags":[],"class_list":["post-180822","post","type-post","status-publish","format-standard","has-post-thumbnail","hentry","category-tamaulipas"],"jetpack_publicize_connections":[],"_links":{"self":[{"href":"https:\/\/www.buroperiodistico.com.mx\/index.php?rest_route=\/wp\/v2\/posts\/180822","targetHints":{"allow":["GET"]}}],"collection":[{"href":"https:\/\/www.buroperiodistico.com.mx\/index.php?rest_route=\/wp\/v2\/posts"}],"about":[{"href":"https:\/\/www.buroperiodistico.com.mx\/index.php?rest_route=\/wp\/v2\/types\/post"}],"author":[{"embeddable":true,"href":"https:\/\/www.buroperiodistico.com.mx\/index.php?rest_route=\/wp\/v2\/users\/1"}],"replies":[{"embeddable":true,"href":"https:\/\/www.buroperiodistico.com.mx\/index.php?rest_route=%2Fwp%2Fv2%2Fcomments&post=180822"}],"version-history":[{"count":0,"href":"https:\/\/www.buroperiodistico.com.mx\/index.php?rest_route=\/wp\/v2\/posts\/180822\/revisions"}],"wp:featuredmedia":[{"embeddable":true,"href":"https:\/\/www.buroperiodistico.com.mx\/index.php?rest_route=\/wp\/v2\/media\/180826"}],"wp:attachment":[{"href":"https:\/\/www.buroperiodistico.com.mx\/index.php?rest_route=%2Fwp%2Fv2%2Fmedia&parent=180822"}],"wp:term":[{"taxonomy":"category","embeddable":true,"href":"https:\/\/www.buroperiodistico.com.mx\/index.php?rest_route=%2Fwp%2Fv2%2Fcategories&post=180822"},{"taxonomy":"post_tag","embeddable":true,"href":"https:\/\/www.buroperiodistico.com.mx\/index.php?rest_route=%2Fwp%2Fv2%2Ftags&post=180822"}],"curies":[{"name":"wp","href":"https:\/\/api.w.org\/{rel}","templated":true}]}}