{"id":180807,"date":"2025-10-02T18:00:58","date_gmt":"2025-10-02T23:00:58","guid":{"rendered":"https:\/\/www.buroperiodistico.com.mx\/?p=180807"},"modified":"2025-10-02T18:00:58","modified_gmt":"2025-10-02T23:00:58","slug":"por-la-salud-de-las-mujeres-el-alcalde-carlos-pena-ortiz-puso-en-marcha-el-mes-rosa","status":"publish","type":"post","link":"https:\/\/www.buroperiodistico.com.mx\/?p=180807","title":{"rendered":"Por la salud de las mujeres el Alcalde Carlos Pe\u00f1a Ortiz puso en marcha el Mes Rosa"},"content":{"rendered":"<p><em><strong><img loading=\"lazy\" decoding=\"async\" class=\" wp-image-180813 alignright\" src=\"https:\/\/www.buroperiodistico.com.mx\/wp-content\/uploads\/2025\/10\/Cpox-1.jpeg\" alt=\"\" width=\"558\" height=\"333\" srcset=\"https:\/\/www.buroperiodistico.com.mx\/wp-content\/uploads\/2025\/10\/Cpox-1.jpeg 1024w, https:\/\/www.buroperiodistico.com.mx\/wp-content\/uploads\/2025\/10\/Cpox-1-300x179.jpeg 300w, https:\/\/www.buroperiodistico.com.mx\/wp-content\/uploads\/2025\/10\/Cpox-1-768x458.jpeg 768w\" sizes=\"auto, (max-width: 558px) 100vw, 558px\" \/>Reynosa, Tam (2-Octubre-2025).-<\/strong><\/em> El Alcalde Carlos Pe\u00f1a Ortiz dio inicio a la \u00abCampa\u00f1a de Prevenci\u00f3n de C\u00e1ncer de Mama Y Pr\u00f3tesis Externa de Mama\u00bb, acompa\u00f1ado por la Presidenta del Voluntariado DIF-Reynosa, Alejandra Yelitza Garza y por el Presidente del Patronato del organismo, Carlos Luis Pe\u00f1a Garza.<\/p>\n<p>\u00abNos complace mucho que nos acompa\u00f1en, agradezco su participaci\u00f3n y compromiso con su salud. La detecci\u00f3n temprana del c\u00e1ncer de mama es fundamental para salvar vidas, y es por eso que estamos trabajando para garantizar que todas las mujeres en Reynosa tengan acceso a los servicios de salud que necesitan\u00bb, declar\u00f3 el Presidente Municipal este jueves 2 de octubre.<\/p>\n<p>La Presidenta del Voluntariado DIF-Reynosa, Alejandra Garza, tambi\u00e9n ofreci\u00f3 un mensaje invitando a las mujeres a atender su propia salud y acudir a la campa\u00f1a que estar\u00e1 vigente todo el Mes Rosa.<\/p>\n<p>En el evento participaron, la se\u00f1ora San Juana Rodriguez en representaci\u00f3n de las beneficiarias, como sobreviviente del c\u00e1ncer; la Directora del DIF, Gabriela Rosas Blanco; Faride Iga Carrizales, Directora de Salud del organismo; Mar\u00eda Anselma Herrera Rodr\u00edguez, Regidora de la Comisi\u00f3n de Salud, entre otros funcionarios e invitados.<\/p>\n<p>#ReynosaImparable<br \/>\n#GobiernoMunicipalDeReynosa<\/p>\n<p><img loading=\"lazy\" decoding=\"async\" class=\"aligncenter size-full wp-image-180808\" src=\"https:\/\/www.buroperiodistico.com.mx\/wp-content\/uploads\/2025\/10\/Cpox-I-1.jpeg\" alt=\"\" width=\"640\" height=\"427\" srcset=\"https:\/\/www.buroperiodistico.com.mx\/wp-content\/uploads\/2025\/10\/Cpox-I-1.jpeg 640w, https:\/\/www.buroperiodistico.com.mx\/wp-content\/uploads\/2025\/10\/Cpox-I-1-300x200.jpeg 300w\" sizes=\"auto, (max-width: 640px) 100vw, 640px\" \/> <img loading=\"lazy\" decoding=\"async\" class=\"aligncenter size-full wp-image-180812\" src=\"https:\/\/www.buroperiodistico.com.mx\/wp-content\/uploads\/2025\/10\/Cpox-IIIII.jpeg\" alt=\"\" width=\"615\" height=\"480\" srcset=\"https:\/\/www.buroperiodistico.com.mx\/wp-content\/uploads\/2025\/10\/Cpox-IIIII.jpeg 615w, https:\/\/www.buroperiodistico.com.mx\/wp-content\/uploads\/2025\/10\/Cpox-IIIII-300x234.jpeg 300w\" sizes=\"auto, (max-width: 615px) 100vw, 615px\" \/> <img loading=\"lazy\" decoding=\"async\" class=\"aligncenter size-full wp-image-180811\" src=\"https:\/\/www.buroperiodistico.com.mx\/wp-content\/uploads\/2025\/10\/Cpox-IIII.jpeg\" alt=\"\" width=\"640\" height=\"427\" srcset=\"https:\/\/www.buroperiodistico.com.mx\/wp-content\/uploads\/2025\/10\/Cpox-IIII.jpeg 640w, https:\/\/www.buroperiodistico.com.mx\/wp-content\/uploads\/2025\/10\/Cpox-IIII-300x200.jpeg 300w\" sizes=\"auto, (max-width: 640px) 100vw, 640px\" \/> <img loading=\"lazy\" decoding=\"async\" class=\"aligncenter size-full wp-image-180810\" src=\"https:\/\/www.buroperiodistico.com.mx\/wp-content\/uploads\/2025\/10\/Cpox-III-1.jpeg\" alt=\"\" width=\"498\" height=\"480\" srcset=\"https:\/\/www.buroperiodistico.com.mx\/wp-content\/uploads\/2025\/10\/Cpox-III-1.jpeg 498w, https:\/\/www.buroperiodistico.com.mx\/wp-content\/uploads\/2025\/10\/Cpox-III-1-300x289.jpeg 300w\" sizes=\"auto, (max-width: 498px) 100vw, 498px\" \/> <img loading=\"lazy\" decoding=\"async\" class=\"aligncenter size-full wp-image-180809\" src=\"https:\/\/www.buroperiodistico.com.mx\/wp-content\/uploads\/2025\/10\/Cpox-II-1.jpeg\" alt=\"\" width=\"640\" height=\"427\" srcset=\"https:\/\/www.buroperiodistico.com.mx\/wp-content\/uploads\/2025\/10\/Cpox-II-1.jpeg 640w, https:\/\/www.buroperiodistico.com.mx\/wp-content\/uploads\/2025\/10\/Cpox-II-1-300x200.jpeg 300w\" sizes=\"auto, (max-width: 640px) 100vw, 640px\" \/><\/p>\n","protected":false},"excerpt":{"rendered":"<p>Reynosa, Tam (2-Octubre-2025).- El Alcalde Carlos Pe\u00f1a Ortiz dio inicio a la \u00abCampa\u00f1a de Prevenci\u00f3n&#8230;<\/p>\n","protected":false},"author":1,"featured_media":180813,"comment_status":"closed","ping_status":"closed","sticky":false,"template":"","format":"standard","meta":{"footnotes":"","jetpack_publicize_message":"","jetpack_publicize_feature_enabled":true,"jetpack_social_post_already_shared":true,"jetpack_social_options":{"image_generator_settings":{"template":"highway","default_image_id":0,"font":"","enabled":false},"version":2}},"categories":[25,9],"tags":[],"class_list":["post-180807","post","type-post","status-publish","format-standard","has-post-thumbnail","hentry","category-portada","category-reynosa"],"jetpack_publicize_connections":[],"_links":{"self":[{"href":"https:\/\/www.buroperiodistico.com.mx\/index.php?rest_route=\/wp\/v2\/posts\/180807","targetHints":{"allow":["GET"]}}],"collection":[{"href":"https:\/\/www.buroperiodistico.com.mx\/index.php?rest_route=\/wp\/v2\/posts"}],"about":[{"href":"https:\/\/www.buroperiodistico.com.mx\/index.php?rest_route=\/wp\/v2\/types\/post"}],"author":[{"embeddable":true,"href":"https:\/\/www.buroperiodistico.com.mx\/index.php?rest_route=\/wp\/v2\/users\/1"}],"replies":[{"embeddable":true,"href":"https:\/\/www.buroperiodistico.com.mx\/index.php?rest_route=%2Fwp%2Fv2%2Fcomments&post=180807"}],"version-history":[{"count":0,"href":"https:\/\/www.buroperiodistico.com.mx\/index.php?rest_route=\/wp\/v2\/posts\/180807\/revisions"}],"wp:featuredmedia":[{"embeddable":true,"href":"https:\/\/www.buroperiodistico.com.mx\/index.php?rest_route=\/wp\/v2\/media\/180813"}],"wp:attachment":[{"href":"https:\/\/www.buroperiodistico.com.mx\/index.php?rest_route=%2Fwp%2Fv2%2Fmedia&parent=180807"}],"wp:term":[{"taxonomy":"category","embeddable":true,"href":"https:\/\/www.buroperiodistico.com.mx\/index.php?rest_route=%2Fwp%2Fv2%2Fcategories&post=180807"},{"taxonomy":"post_tag","embeddable":true,"href":"https:\/\/www.buroperiodistico.com.mx\/index.php?rest_route=%2Fwp%2Fv2%2Ftags&post=180807"}],"curies":[{"name":"wp","href":"https:\/\/api.w.org\/{rel}","templated":true}]}}