{"id":180789,"date":"2025-10-02T13:32:21","date_gmt":"2025-10-02T18:32:21","guid":{"rendered":"https:\/\/www.buroperiodistico.com.mx\/?p=180789"},"modified":"2025-10-02T13:32:21","modified_gmt":"2025-10-02T18:32:21","slug":"promueve-gobierno-de-carlos-pena-ortiz-la-expresion-corporal-a-traves-de-la-danza-moderna","status":"publish","type":"post","link":"https:\/\/www.buroperiodistico.com.mx\/?p=180789","title":{"rendered":"Promueve Gobierno de Carlos Pe\u00f1a Ortiz la expresi\u00f3n corporal a trav\u00e9s de la Danza Moderna"},"content":{"rendered":"<p><em><strong><img loading=\"lazy\" decoding=\"async\" class=\" wp-image-180790 alignright\" src=\"https:\/\/www.buroperiodistico.com.mx\/wp-content\/uploads\/2025\/10\/IRCax-1.jpg\" alt=\"\" width=\"561\" height=\"303\" srcset=\"https:\/\/www.buroperiodistico.com.mx\/wp-content\/uploads\/2025\/10\/IRCax-1.jpg 1110w, https:\/\/www.buroperiodistico.com.mx\/wp-content\/uploads\/2025\/10\/IRCax-1-300x162.jpg 300w, https:\/\/www.buroperiodistico.com.mx\/wp-content\/uploads\/2025\/10\/IRCax-1-1024x554.jpg 1024w, https:\/\/www.buroperiodistico.com.mx\/wp-content\/uploads\/2025\/10\/IRCax-1-768x415.jpg 768w\" sizes=\"auto, (max-width: 561px) 100vw, 561px\" \/>Reynosa, Tam (2-Octubre-2025).-<\/strong><\/em> El Gobierno de Reynosa, que preside el Alcalde Carlos Pe\u00f1a Ortiz, invita a ni\u00f1os y j\u00f3venes a inscribirse al Taller de Danza Moderna del Instituto Reynosense para la Cultura y las Artes, impartido por el Maestro Fernando Becerra.<\/p>\n<p>Este Taller ofrece una alternativa din\u00e1mica para que los alumnos exploren el arte del movimiento mediante la t\u00e9cnica release, enfocada en que aprendan secuencias b\u00e1sicas, desarrollando el sentido del ritmo y la conciencia corporal de forma l\u00fadica.<\/p>\n<p>\u201cA diferencia del ballet, que impone figuras con los brazos o las piernas, aqu\u00ed buscamos que se expresen libremente con su cuerpo en movimiento. Para m\u00ed, la danza es vida\u201d, comparte el maestro Fernando Becerra.<\/p>\n<p>Las inscripciones est\u00e1n abiertas en las sedes Longoria y Jarachina. Para mayores informes, los interesados pueden comunicarse a los tel\u00e9fonos 8999255358 y 8991283799 en horario de 9:00 A. M. a 5:00 P. M. de lunes a viernes.<\/p>\n<p>#ReynosaImparable #Reynosa #Tamaulipas<\/p>\n<div style=\"width: 640px;\" class=\"wp-video\"><video class=\"wp-video-shortcode\" id=\"video-180789-1\" width=\"640\" height=\"360\" preload=\"metadata\" controls=\"controls\"><source type=\"video\/mp4\" src=\"https:\/\/www.buroperiodistico.com.mx\/wp-content\/uploads\/2025\/10\/WhatsApp-Video-2025-10-02-at-12.07.21-PM.mp4?_=1\" \/><a href=\"https:\/\/www.buroperiodistico.com.mx\/wp-content\/uploads\/2025\/10\/WhatsApp-Video-2025-10-02-at-12.07.21-PM.mp4\">https:\/\/www.buroperiodistico.com.mx\/wp-content\/uploads\/2025\/10\/WhatsApp-Video-2025-10-02-at-12.07.21-PM.mp4<\/a><\/video><\/div>\n","protected":false},"excerpt":{"rendered":"<p>Reynosa, Tam (2-Octubre-2025).- El Gobierno de Reynosa, que preside el Alcalde Carlos Pe\u00f1a Ortiz, invita&#8230;<\/p>\n","protected":false},"author":1,"featured_media":180790,"comment_status":"closed","ping_status":"closed","sticky":false,"template":"","format":"standard","meta":{"footnotes":"","jetpack_publicize_message":"","jetpack_publicize_feature_enabled":true,"jetpack_social_post_already_shared":true,"jetpack_social_options":{"image_generator_settings":{"template":"highway","default_image_id":0,"font":"","enabled":false},"version":2}},"categories":[9],"tags":[],"class_list":["post-180789","post","type-post","status-publish","format-standard","has-post-thumbnail","hentry","category-reynosa"],"jetpack_publicize_connections":[],"_links":{"self":[{"href":"https:\/\/www.buroperiodistico.com.mx\/index.php?rest_route=\/wp\/v2\/posts\/180789","targetHints":{"allow":["GET"]}}],"collection":[{"href":"https:\/\/www.buroperiodistico.com.mx\/index.php?rest_route=\/wp\/v2\/posts"}],"about":[{"href":"https:\/\/www.buroperiodistico.com.mx\/index.php?rest_route=\/wp\/v2\/types\/post"}],"author":[{"embeddable":true,"href":"https:\/\/www.buroperiodistico.com.mx\/index.php?rest_route=\/wp\/v2\/users\/1"}],"replies":[{"embeddable":true,"href":"https:\/\/www.buroperiodistico.com.mx\/index.php?rest_route=%2Fwp%2Fv2%2Fcomments&post=180789"}],"version-history":[{"count":0,"href":"https:\/\/www.buroperiodistico.com.mx\/index.php?rest_route=\/wp\/v2\/posts\/180789\/revisions"}],"wp:featuredmedia":[{"embeddable":true,"href":"https:\/\/www.buroperiodistico.com.mx\/index.php?rest_route=\/wp\/v2\/media\/180790"}],"wp:attachment":[{"href":"https:\/\/www.buroperiodistico.com.mx\/index.php?rest_route=%2Fwp%2Fv2%2Fmedia&parent=180789"}],"wp:term":[{"taxonomy":"category","embeddable":true,"href":"https:\/\/www.buroperiodistico.com.mx\/index.php?rest_route=%2Fwp%2Fv2%2Fcategories&post=180789"},{"taxonomy":"post_tag","embeddable":true,"href":"https:\/\/www.buroperiodistico.com.mx\/index.php?rest_route=%2Fwp%2Fv2%2Ftags&post=180789"}],"curies":[{"name":"wp","href":"https:\/\/api.w.org\/{rel}","templated":true}]}}