{"id":180783,"date":"2025-10-02T12:13:29","date_gmt":"2025-10-02T17:13:29","guid":{"rendered":"https:\/\/www.buroperiodistico.com.mx\/?p=180783"},"modified":"2025-10-02T12:13:29","modified_gmt":"2025-10-02T17:13:29","slug":"proporcionan-asesoria-legal-y-gratuita-para-ppls-en-cedes-altamira","status":"publish","type":"post","link":"https:\/\/www.buroperiodistico.com.mx\/?p=180783","title":{"rendered":"Proporcionan asesor\u00eda legal y gratuita para PPLs en CEDES Altamira"},"content":{"rendered":"<p><em><strong><img loading=\"lazy\" decoding=\"async\" class=\" wp-image-180786 alignright\" src=\"https:\/\/www.buroperiodistico.com.mx\/wp-content\/uploads\/2025\/10\/SGGCEDES.jpeg\" alt=\"\" width=\"526\" height=\"327\" srcset=\"https:\/\/www.buroperiodistico.com.mx\/wp-content\/uploads\/2025\/10\/SGGCEDES.jpeg 1024w, https:\/\/www.buroperiodistico.com.mx\/wp-content\/uploads\/2025\/10\/SGGCEDES-300x186.jpeg 300w, https:\/\/www.buroperiodistico.com.mx\/wp-content\/uploads\/2025\/10\/SGGCEDES-768x477.jpeg 768w\" sizes=\"auto, (max-width: 526px) 100vw, 526px\" \/>Altamira, Tamaulipas (2-Octubre-2025).-<\/strong><\/em> El Instituto de Defensor\u00eda P\u00fablica del Estado de Tamaulipas contin\u00faa con jornadas de visitas carcelarias, cuyo objetivo es brindar asesor\u00eda jur\u00eddica gratuita, oportuna y de calidad a las personas privadas de la libertad (PPLs). En esta ocasi\u00f3n, la jornada tuvo lugar en el Centro de Ejecuci\u00f3n de Sanciones (CEDES) de Altamira, donde se atendi\u00f3 a un total de 61 personas, entre ellas 9 mujeres y 52 hombres.<\/p>\n<p>Durante la jornada, se ofreci\u00f3 asesor\u00eda jur\u00eddica por primera vez a 2 mujeres y 16 hombres, reafirmando el compromiso institucional de acercar los servicios de defensa p\u00fablica a todos los rincones del estado, y de atender a quienes m\u00e1s lo necesitan desde una perspectiva de derechos humanos, dignidad y justicia social.<\/p>\n<p>La jornada fue encabezada por la directora general, Roxana Guerrero Galv\u00e1n, quien reiter\u00f3 que estas acciones forman parte de una estrategia integral alineada con la visi\u00f3n humanista del Gobierno del Estado:<\/p>\n<p>\u201cEsta labor responde al compromiso firme de nuestro gobernador Am\u00e9rico Villarreal Anaya, de construir una justicia m\u00e1s humana, cercana y sensible. Desde la Defensor\u00eda P\u00fablica trabajamos todos los d\u00edas para que ninguna persona quede sin representaci\u00f3n legal, especialmente aquellas que se encuentran en situaci\u00f3n de vulnerabilidad. Nuestro deber es estar presentes, escuchar y actuar\u201d, expres\u00f3 Guerrero Galv\u00e1n<\/p>\n<p>Estas visitas forman parte de una pol\u00edtica p\u00fablica orientada a garantizar que el acceso a la justicia sea un derecho real, efectivo y sin distinci\u00f3n alguna. Asimismo, se busca consolidar un modelo de defensa p\u00fablica profesional, emp\u00e1tica y comprometida con los principios del debido proceso.<\/p>\n<p><img loading=\"lazy\" decoding=\"async\" class=\"aligncenter size-full wp-image-180784\" src=\"https:\/\/www.buroperiodistico.com.mx\/wp-content\/uploads\/2025\/10\/SGGCEDES-I.jpeg\" alt=\"\" width=\"640\" height=\"426\" srcset=\"https:\/\/www.buroperiodistico.com.mx\/wp-content\/uploads\/2025\/10\/SGGCEDES-I.jpeg 640w, https:\/\/www.buroperiodistico.com.mx\/wp-content\/uploads\/2025\/10\/SGGCEDES-I-300x200.jpeg 300w\" sizes=\"auto, (max-width: 640px) 100vw, 640px\" \/> <img loading=\"lazy\" decoding=\"async\" class=\"aligncenter size-full wp-image-180785\" src=\"https:\/\/www.buroperiodistico.com.mx\/wp-content\/uploads\/2025\/10\/SGGCEDES-II.jpeg\" alt=\"\" width=\"640\" height=\"426\" srcset=\"https:\/\/www.buroperiodistico.com.mx\/wp-content\/uploads\/2025\/10\/SGGCEDES-II.jpeg 640w, https:\/\/www.buroperiodistico.com.mx\/wp-content\/uploads\/2025\/10\/SGGCEDES-II-300x200.jpeg 300w\" sizes=\"auto, (max-width: 640px) 100vw, 640px\" \/><\/p>\n","protected":false},"excerpt":{"rendered":"<p>Altamira, Tamaulipas (2-Octubre-2025).- El Instituto de Defensor\u00eda P\u00fablica del Estado de Tamaulipas contin\u00faa con jornadas&#8230;<\/p>\n","protected":false},"author":1,"featured_media":180786,"comment_status":"closed","ping_status":"closed","sticky":false,"template":"","format":"standard","meta":{"footnotes":"","jetpack_publicize_message":"","jetpack_publicize_feature_enabled":true,"jetpack_social_post_already_shared":true,"jetpack_social_options":{"image_generator_settings":{"template":"highway","default_image_id":0,"font":"","enabled":false},"version":2}},"categories":[10],"tags":[],"class_list":["post-180783","post","type-post","status-publish","format-standard","has-post-thumbnail","hentry","category-tamaulipas"],"jetpack_publicize_connections":[],"_links":{"self":[{"href":"https:\/\/www.buroperiodistico.com.mx\/index.php?rest_route=\/wp\/v2\/posts\/180783","targetHints":{"allow":["GET"]}}],"collection":[{"href":"https:\/\/www.buroperiodistico.com.mx\/index.php?rest_route=\/wp\/v2\/posts"}],"about":[{"href":"https:\/\/www.buroperiodistico.com.mx\/index.php?rest_route=\/wp\/v2\/types\/post"}],"author":[{"embeddable":true,"href":"https:\/\/www.buroperiodistico.com.mx\/index.php?rest_route=\/wp\/v2\/users\/1"}],"replies":[{"embeddable":true,"href":"https:\/\/www.buroperiodistico.com.mx\/index.php?rest_route=%2Fwp%2Fv2%2Fcomments&post=180783"}],"version-history":[{"count":0,"href":"https:\/\/www.buroperiodistico.com.mx\/index.php?rest_route=\/wp\/v2\/posts\/180783\/revisions"}],"wp:featuredmedia":[{"embeddable":true,"href":"https:\/\/www.buroperiodistico.com.mx\/index.php?rest_route=\/wp\/v2\/media\/180786"}],"wp:attachment":[{"href":"https:\/\/www.buroperiodistico.com.mx\/index.php?rest_route=%2Fwp%2Fv2%2Fmedia&parent=180783"}],"wp:term":[{"taxonomy":"category","embeddable":true,"href":"https:\/\/www.buroperiodistico.com.mx\/index.php?rest_route=%2Fwp%2Fv2%2Fcategories&post=180783"},{"taxonomy":"post_tag","embeddable":true,"href":"https:\/\/www.buroperiodistico.com.mx\/index.php?rest_route=%2Fwp%2Fv2%2Ftags&post=180783"}],"curies":[{"name":"wp","href":"https:\/\/api.w.org\/{rel}","templated":true}]}}