{"id":180771,"date":"2025-10-02T11:17:56","date_gmt":"2025-10-02T16:17:56","guid":{"rendered":"https:\/\/www.buroperiodistico.com.mx\/?p=180771"},"modified":"2025-10-02T11:17:56","modified_gmt":"2025-10-02T16:17:56","slug":"presentan-estrategia-para-impulsar-el-turismo-en-ciudad-victoria","status":"publish","type":"post","link":"https:\/\/www.buroperiodistico.com.mx\/?p=180771","title":{"rendered":"Presentan estrategia para impulsar el turismo en Ciudad Victoria"},"content":{"rendered":"<ul>\n<li><strong><em>Con propuestas de la sociedad y de la iniciativa privada se fortalecen las acciones para generar nuevos productos<\/em><\/strong><\/li>\n<\/ul>\n<p><strong><img loading=\"lazy\" decoding=\"async\" class=\" wp-image-180774 alignright\" src=\"https:\/\/www.buroperiodistico.com.mx\/wp-content\/uploads\/2025\/10\/STUVictoria.jpeg\" alt=\"\" width=\"519\" height=\"292\" srcset=\"https:\/\/www.buroperiodistico.com.mx\/wp-content\/uploads\/2025\/10\/STUVictoria.jpeg 1024w, https:\/\/www.buroperiodistico.com.mx\/wp-content\/uploads\/2025\/10\/STUVictoria-300x169.jpeg 300w, https:\/\/www.buroperiodistico.com.mx\/wp-content\/uploads\/2025\/10\/STUVictoria-768x432.jpeg 768w\" sizes=\"auto, (max-width: 519px) 100vw, 519px\" \/>Ciudad Victoria, Tamaulipas (2-Septiembre-2025).-<\/strong> El secretario de Turismo de Tamaulipas, Benjam\u00edn Hern\u00e1ndez Rodr\u00edguez present\u00f3 ante empresarias y empresarios de la CANACO Victoria una ambiciosa visi\u00f3n para el turismo en el estado.<\/p>\n<p>Destac\u00f3 los innovadores productos tur\u00edsticos en desarrollo y el fortalecimiento de los ya existentes, impulsados por la inversi\u00f3n que impulsa el gobernador Am\u00e9rico Villarreal Anaya, para posicionar a Tamaulipas como un destino l\u00edder .<\/p>\n<p>Adem\u00e1s de hablar sobre la tienda que se tiene en el aeropuerto Felipe \u00c1ngeles (AIFA), \u201cTamaulipas se Transforma\u201d, y \u201cPunto Tamaulipas\u201d en Ciudad Victoria, donde hay a la venta y exposici\u00f3n productos 100 por ciento artesanales, elaborados por tamaulipecos y tamaulipecas.<\/p>\n<p>\u201cEsto, como parte del trabajo que realiza la secretar\u00eda para promocionar y dar a conocer el talento tamaulipeco, as\u00ed como el fortalecimiento de otras \u00e1reas, como la gastronom\u00eda con el Corredor Gastron\u00f3mico Interejidal, entre otros m\u00e1s\u201d, refiri\u00f3 el funcionario estatal.<\/p>\n<p>Al mismo tiempo, escuch\u00f3 peticiones y comentarios de los y las empresarias quienes mostraron inter\u00e9s en trabajar en conjunto en m\u00e1s difusi\u00f3n para el estado y la capital de Tamaulipas, con m\u00e1s atracci\u00f3n de congresos y eventos deportivos, as\u00ed como la participaci\u00f3n en distintas ferias y eventos que lleva a cabo la secretar\u00eda.<\/p>\n<p>Benjam\u00edn Hern\u00e1ndez Rodr\u00edguez destac\u00f3 la importancia de generar esos foros, gobierno-empresarios para incrementar en n\u00famero de visitantes a la capital, una ciudad que el gobernador de Tamaulipas, Am\u00e9rico Villarreal Anaya est\u00e1 transformando con obra p\u00fablica en beneficio de las familias victorenses y del turismo.<\/p>\n<p><img loading=\"lazy\" decoding=\"async\" class=\"aligncenter size-full wp-image-180772\" src=\"https:\/\/www.buroperiodistico.com.mx\/wp-content\/uploads\/2025\/10\/STUVictoria-I.jpeg\" alt=\"\" width=\"640\" height=\"427\" srcset=\"https:\/\/www.buroperiodistico.com.mx\/wp-content\/uploads\/2025\/10\/STUVictoria-I.jpeg 640w, https:\/\/www.buroperiodistico.com.mx\/wp-content\/uploads\/2025\/10\/STUVictoria-I-300x200.jpeg 300w\" sizes=\"auto, (max-width: 640px) 100vw, 640px\" \/> <img loading=\"lazy\" decoding=\"async\" class=\"aligncenter size-full wp-image-180773\" src=\"https:\/\/www.buroperiodistico.com.mx\/wp-content\/uploads\/2025\/10\/STUVictoria-II.jpeg\" alt=\"\" width=\"640\" height=\"427\" srcset=\"https:\/\/www.buroperiodistico.com.mx\/wp-content\/uploads\/2025\/10\/STUVictoria-II.jpeg 640w, https:\/\/www.buroperiodistico.com.mx\/wp-content\/uploads\/2025\/10\/STUVictoria-II-300x200.jpeg 300w\" sizes=\"auto, (max-width: 640px) 100vw, 640px\" \/><\/p>\n","protected":false},"excerpt":{"rendered":"<p>Con propuestas de la sociedad y de la iniciativa privada se fortalecen las acciones para&#8230;<\/p>\n","protected":false},"author":1,"featured_media":180774,"comment_status":"closed","ping_status":"closed","sticky":false,"template":"","format":"standard","meta":{"footnotes":"","jetpack_publicize_message":"","jetpack_publicize_feature_enabled":true,"jetpack_social_post_already_shared":true,"jetpack_social_options":{"image_generator_settings":{"template":"highway","default_image_id":0,"font":"","enabled":false},"version":2}},"categories":[10],"tags":[],"class_list":["post-180771","post","type-post","status-publish","format-standard","has-post-thumbnail","hentry","category-tamaulipas"],"jetpack_publicize_connections":[],"_links":{"self":[{"href":"https:\/\/www.buroperiodistico.com.mx\/index.php?rest_route=\/wp\/v2\/posts\/180771","targetHints":{"allow":["GET"]}}],"collection":[{"href":"https:\/\/www.buroperiodistico.com.mx\/index.php?rest_route=\/wp\/v2\/posts"}],"about":[{"href":"https:\/\/www.buroperiodistico.com.mx\/index.php?rest_route=\/wp\/v2\/types\/post"}],"author":[{"embeddable":true,"href":"https:\/\/www.buroperiodistico.com.mx\/index.php?rest_route=\/wp\/v2\/users\/1"}],"replies":[{"embeddable":true,"href":"https:\/\/www.buroperiodistico.com.mx\/index.php?rest_route=%2Fwp%2Fv2%2Fcomments&post=180771"}],"version-history":[{"count":0,"href":"https:\/\/www.buroperiodistico.com.mx\/index.php?rest_route=\/wp\/v2\/posts\/180771\/revisions"}],"wp:featuredmedia":[{"embeddable":true,"href":"https:\/\/www.buroperiodistico.com.mx\/index.php?rest_route=\/wp\/v2\/media\/180774"}],"wp:attachment":[{"href":"https:\/\/www.buroperiodistico.com.mx\/index.php?rest_route=%2Fwp%2Fv2%2Fmedia&parent=180771"}],"wp:term":[{"taxonomy":"category","embeddable":true,"href":"https:\/\/www.buroperiodistico.com.mx\/index.php?rest_route=%2Fwp%2Fv2%2Fcategories&post=180771"},{"taxonomy":"post_tag","embeddable":true,"href":"https:\/\/www.buroperiodistico.com.mx\/index.php?rest_route=%2Fwp%2Fv2%2Ftags&post=180771"}],"curies":[{"name":"wp","href":"https:\/\/api.w.org\/{rel}","templated":true}]}}