{"id":180734,"date":"2025-10-01T22:44:23","date_gmt":"2025-10-02T03:44:23","guid":{"rendered":"https:\/\/www.buroperiodistico.com.mx\/?p=180734"},"modified":"2025-10-01T22:46:20","modified_gmt":"2025-10-02T03:46:20","slug":"reporta-pemex-fuga-en-oleoducto-de-veracruz","status":"publish","type":"post","link":"https:\/\/www.buroperiodistico.com.mx\/?p=180734","title":{"rendered":"REPORTA PEMEX FUGA EN OLEODUCTO DE VERACRUZ"},"content":{"rendered":"<p><em><strong><img loading=\"lazy\" decoding=\"async\" class=\" wp-image-180737 alignright\" src=\"https:\/\/www.buroperiodistico.com.mx\/wp-content\/uploads\/2025\/10\/Pemexc.jpg\" alt=\"\" width=\"424\" height=\"229\" srcset=\"https:\/\/www.buroperiodistico.com.mx\/wp-content\/uploads\/2025\/10\/Pemexc.jpg 1110w, https:\/\/www.buroperiodistico.com.mx\/wp-content\/uploads\/2025\/10\/Pemexc-300x162.jpg 300w, https:\/\/www.buroperiodistico.com.mx\/wp-content\/uploads\/2025\/10\/Pemexc-1024x554.jpg 1024w, https:\/\/www.buroperiodistico.com.mx\/wp-content\/uploads\/2025\/10\/Pemexc-768x415.jpg 768w\" sizes=\"auto, (max-width: 424px) 100vw, 424px\" \/>POZA RICA, VER (Octubre 01, de 2025).- <\/strong><\/em>Petr\u00f3leos Mexicanos (Pemex) informa que personal especializado atiende una fuga en el kil\u00f3metro 116+951 del oleoducto de 30 pulgadas, Nuevo Teapa-Poza Rica-Madero, que atraviesa por el poblado de San Miguel Xochitecatitla en Veracruz.<\/p>\n<p>Cabe se\u00f1alar que el incidente se origin\u00f3 debido al golpe de una retroexcavadora de un propietario particular que se encontraba haciendo trabajos ajenos a Pemex en la zona.<\/p>\n<p>Ante ello, personal de Petr\u00f3leos Mexicanos se traslad\u00f3 al sitio y activ\u00f3 los protocolos de atenci\u00f3n a emergencias, que incluyeron la suspensi\u00f3n del ducto para evitar mayores riesgos.<\/p>\n<p>No se reportan lesionados por este incidente y tampoco hay riesgo para la poblaci\u00f3n m\u00e1s cercana.<br \/>\nPetr\u00f3leos Mexicanos realizar\u00e1 la denuncia ante la autoridad correspondiente por los da\u00f1os ocasionados por un tercero.<\/p>\n","protected":false},"excerpt":{"rendered":"<p>POZA RICA, VER (Octubre 01, de 2025).- Petr\u00f3leos Mexicanos (Pemex) informa que personal especializado atiende&#8230;<\/p>\n","protected":false},"author":1,"featured_media":180737,"comment_status":"closed","ping_status":"closed","sticky":false,"template":"","format":"standard","meta":{"footnotes":"","jetpack_publicize_message":"","jetpack_publicize_feature_enabled":true,"jetpack_social_post_already_shared":true,"jetpack_social_options":{"image_generator_settings":{"template":"highway","default_image_id":0,"font":"","enabled":false},"version":2}},"categories":[11],"tags":[],"class_list":["post-180734","post","type-post","status-publish","format-standard","has-post-thumbnail","hentry","category-nacional"],"jetpack_publicize_connections":[],"_links":{"self":[{"href":"https:\/\/www.buroperiodistico.com.mx\/index.php?rest_route=\/wp\/v2\/posts\/180734","targetHints":{"allow":["GET"]}}],"collection":[{"href":"https:\/\/www.buroperiodistico.com.mx\/index.php?rest_route=\/wp\/v2\/posts"}],"about":[{"href":"https:\/\/www.buroperiodistico.com.mx\/index.php?rest_route=\/wp\/v2\/types\/post"}],"author":[{"embeddable":true,"href":"https:\/\/www.buroperiodistico.com.mx\/index.php?rest_route=\/wp\/v2\/users\/1"}],"replies":[{"embeddable":true,"href":"https:\/\/www.buroperiodistico.com.mx\/index.php?rest_route=%2Fwp%2Fv2%2Fcomments&post=180734"}],"version-history":[{"count":0,"href":"https:\/\/www.buroperiodistico.com.mx\/index.php?rest_route=\/wp\/v2\/posts\/180734\/revisions"}],"wp:featuredmedia":[{"embeddable":true,"href":"https:\/\/www.buroperiodistico.com.mx\/index.php?rest_route=\/wp\/v2\/media\/180737"}],"wp:attachment":[{"href":"https:\/\/www.buroperiodistico.com.mx\/index.php?rest_route=%2Fwp%2Fv2%2Fmedia&parent=180734"}],"wp:term":[{"taxonomy":"category","embeddable":true,"href":"https:\/\/www.buroperiodistico.com.mx\/index.php?rest_route=%2Fwp%2Fv2%2Fcategories&post=180734"},{"taxonomy":"post_tag","embeddable":true,"href":"https:\/\/www.buroperiodistico.com.mx\/index.php?rest_route=%2Fwp%2Fv2%2Ftags&post=180734"}],"curies":[{"name":"wp","href":"https:\/\/api.w.org\/{rel}","templated":true}]}}