{"id":180728,"date":"2025-10-01T22:35:29","date_gmt":"2025-10-02T03:35:29","guid":{"rendered":"https:\/\/www.buroperiodistico.com.mx\/?p=180728"},"modified":"2025-10-01T22:35:29","modified_gmt":"2025-10-02T03:35:29","slug":"reconoce-diputado-presidente-humberto-prieto-herrera-tercera-rendicion-de-cuentas-del-gobierno-del-estado","status":"publish","type":"post","link":"https:\/\/www.buroperiodistico.com.mx\/?p=180728","title":{"rendered":"Reconoce Diputado Presidente Humberto Prieto Herrera tercera rendici\u00f3n de cuentas del gobierno del estado"},"content":{"rendered":"<ul>\n<li><strong><em>Acompa\u00f1a al Gobernador Am\u00e9rico Villarreal Anaya a la presentaci\u00f3n \u201cMemorias de Transformaci\u00f3n\u201d.<\/em><\/strong><\/li>\n<\/ul>\n<p><strong><img loading=\"lazy\" decoding=\"async\" class=\" wp-image-180732 alignright\" src=\"https:\/\/www.buroperiodistico.com.mx\/wp-content\/uploads\/2025\/10\/HPx.jpeg\" alt=\"\" width=\"517\" height=\"323\" srcset=\"https:\/\/www.buroperiodistico.com.mx\/wp-content\/uploads\/2025\/10\/HPx.jpeg 1024w, https:\/\/www.buroperiodistico.com.mx\/wp-content\/uploads\/2025\/10\/HPx-300x188.jpeg 300w, https:\/\/www.buroperiodistico.com.mx\/wp-content\/uploads\/2025\/10\/HPx-768x480.jpeg 768w\" sizes=\"auto, (max-width: 517px) 100vw, 517px\" \/>Cd. Victoria, Tam (1-Octubre-2025).-<\/strong> El presidente de la Junta de Gobierno del Congreso Libre y Soberano de Tamaulipas, Humberto Prieto Herrera, asisti\u00f3 este 1 de octubre a la presentaci\u00f3n del tercer a\u00f1o de \u201cMemorias de Transformaci\u00f3n\u201d, del gobernador Am\u00e9rico Villarreal Anaya, en la capital del estado.<\/p>\n<p>Con transparencia y responsabilidad, el Gobernador del estado est\u00e1 cumpliendo con su compromiso de transparentar y transformar Tamaulipas, as\u00ed se constat\u00f3 en la presentaci\u00f3n de su informe realizado en el teatro Amalia Gonz\u00e1lez Caballero.<\/p>\n<p>\u201cQuiero felicitar a nuestro Gobernador Dr. Am\u00e9rico Villarreal por la presentaci\u00f3n de sus 3 a\u00f1os de Memorias de Transformaci\u00f3n, donde refleja con claridad el rumbo humanista y de progreso que vive nuestro estado. Hoy, Tamaulipas es ejemplo de c\u00f3mo con visi\u00f3n, voluntad y compromiso, se pueden generar cambios profundos que impactan directamente en el bienestar de las y los tamaulipecos\u201d, fue el mensaje de Prieto Herrera, ante medios y en sus redes sociales.<\/p>\n<p>De esta manera es como el presidente de la JUGOB, Humberto Prieto Herrera, como representante del poder legislativo, atestigua y reafirma su compromiso con la transformaci\u00f3n de Tamaulipas, trabajando de cerca con el gobierno del estado por las y los tamaulipecos.<\/p>\n<p><img loading=\"lazy\" decoding=\"async\" class=\"aligncenter size-full wp-image-180730\" src=\"https:\/\/www.buroperiodistico.com.mx\/wp-content\/uploads\/2025\/10\/HPx-II.jpeg\" alt=\"\" width=\"640\" height=\"427\" srcset=\"https:\/\/www.buroperiodistico.com.mx\/wp-content\/uploads\/2025\/10\/HPx-II.jpeg 640w, https:\/\/www.buroperiodistico.com.mx\/wp-content\/uploads\/2025\/10\/HPx-II-300x200.jpeg 300w\" sizes=\"auto, (max-width: 640px) 100vw, 640px\" \/> <img loading=\"lazy\" decoding=\"async\" class=\"aligncenter size-full wp-image-180729\" src=\"https:\/\/www.buroperiodistico.com.mx\/wp-content\/uploads\/2025\/10\/HPx-I.jpeg\" alt=\"\" width=\"640\" height=\"427\" srcset=\"https:\/\/www.buroperiodistico.com.mx\/wp-content\/uploads\/2025\/10\/HPx-I.jpeg 640w, https:\/\/www.buroperiodistico.com.mx\/wp-content\/uploads\/2025\/10\/HPx-I-300x200.jpeg 300w\" sizes=\"auto, (max-width: 640px) 100vw, 640px\" \/> <img loading=\"lazy\" decoding=\"async\" class=\"aligncenter size-full wp-image-180731\" src=\"https:\/\/www.buroperiodistico.com.mx\/wp-content\/uploads\/2025\/10\/HPx-III.jpeg\" alt=\"\" width=\"640\" height=\"427\" srcset=\"https:\/\/www.buroperiodistico.com.mx\/wp-content\/uploads\/2025\/10\/HPx-III.jpeg 640w, https:\/\/www.buroperiodistico.com.mx\/wp-content\/uploads\/2025\/10\/HPx-III-300x200.jpeg 300w\" sizes=\"auto, (max-width: 640px) 100vw, 640px\" \/><\/p>\n","protected":false},"excerpt":{"rendered":"<p>Acompa\u00f1a al Gobernador Am\u00e9rico Villarreal Anaya a la presentaci\u00f3n \u201cMemorias de Transformaci\u00f3n\u201d. Cd. Victoria, Tam&#8230;<\/p>\n","protected":false},"author":1,"featured_media":180732,"comment_status":"closed","ping_status":"closed","sticky":false,"template":"","format":"standard","meta":{"footnotes":"","jetpack_publicize_message":"","jetpack_publicize_feature_enabled":true,"jetpack_social_post_already_shared":true,"jetpack_social_options":{"image_generator_settings":{"template":"highway","default_image_id":0,"font":"","enabled":false},"version":2}},"categories":[17],"tags":[],"class_list":["post-180728","post","type-post","status-publish","format-standard","has-post-thumbnail","hentry","category-ciudadvictoria"],"jetpack_publicize_connections":[],"_links":{"self":[{"href":"https:\/\/www.buroperiodistico.com.mx\/index.php?rest_route=\/wp\/v2\/posts\/180728","targetHints":{"allow":["GET"]}}],"collection":[{"href":"https:\/\/www.buroperiodistico.com.mx\/index.php?rest_route=\/wp\/v2\/posts"}],"about":[{"href":"https:\/\/www.buroperiodistico.com.mx\/index.php?rest_route=\/wp\/v2\/types\/post"}],"author":[{"embeddable":true,"href":"https:\/\/www.buroperiodistico.com.mx\/index.php?rest_route=\/wp\/v2\/users\/1"}],"replies":[{"embeddable":true,"href":"https:\/\/www.buroperiodistico.com.mx\/index.php?rest_route=%2Fwp%2Fv2%2Fcomments&post=180728"}],"version-history":[{"count":0,"href":"https:\/\/www.buroperiodistico.com.mx\/index.php?rest_route=\/wp\/v2\/posts\/180728\/revisions"}],"wp:featuredmedia":[{"embeddable":true,"href":"https:\/\/www.buroperiodistico.com.mx\/index.php?rest_route=\/wp\/v2\/media\/180732"}],"wp:attachment":[{"href":"https:\/\/www.buroperiodistico.com.mx\/index.php?rest_route=%2Fwp%2Fv2%2Fmedia&parent=180728"}],"wp:term":[{"taxonomy":"category","embeddable":true,"href":"https:\/\/www.buroperiodistico.com.mx\/index.php?rest_route=%2Fwp%2Fv2%2Fcategories&post=180728"},{"taxonomy":"post_tag","embeddable":true,"href":"https:\/\/www.buroperiodistico.com.mx\/index.php?rest_route=%2Fwp%2Fv2%2Ftags&post=180728"}],"curies":[{"name":"wp","href":"https:\/\/api.w.org\/{rel}","templated":true}]}}