{"id":180717,"date":"2025-10-01T19:38:45","date_gmt":"2025-10-02T00:38:45","guid":{"rendered":"https:\/\/www.buroperiodistico.com.mx\/?p=180717"},"modified":"2025-10-01T19:38:45","modified_gmt":"2025-10-02T00:38:45","slug":"ha-llegado-el-tiempo-de-tamaulipas-logros-historicos-marcan-el-tercer-ano-de-gobierno-de-americo-villarreal-2","status":"publish","type":"post","link":"https:\/\/www.buroperiodistico.com.mx\/?p=180717","title":{"rendered":"Ha llegado el tiempo de Tamaulipas: logros hist\u00f3ricos marcan el tercer a\u00f1o de gobierno de Am\u00e9rico Villarreal"},"content":{"rendered":"<div><em><strong><img loading=\"lazy\" decoding=\"async\" class=\" wp-image-180724 alignright\" src=\"https:\/\/www.buroperiodistico.com.mx\/wp-content\/uploads\/2025\/10\/Obrax.jpeg\" alt=\"\" width=\"441\" height=\"273\" srcset=\"https:\/\/www.buroperiodistico.com.mx\/wp-content\/uploads\/2025\/10\/Obrax.jpeg 1024w, https:\/\/www.buroperiodistico.com.mx\/wp-content\/uploads\/2025\/10\/Obrax-300x186.jpeg 300w, https:\/\/www.buroperiodistico.com.mx\/wp-content\/uploads\/2025\/10\/Obrax-768x476.jpeg 768w\" sizes=\"auto, (max-width: 441px) 100vw, 441px\" \/>Nuevo Laredo, Tam (1-Octubre-2025).-<\/strong><\/em> El gobernador Am\u00e9rico Villarreal Anaya present\u00f3 su informe \u201cTres a\u00f1os de memorias de una Transformaci\u00f3n\u201d, donde destac\u00f3 los avances m\u00e1s significativos de su administraci\u00f3n y los proyectos estrat\u00e9gicos que han colocado a Tamaulipas, y en particular a Nuevo Laredo, como referente de desarrollo en la frontera norte.<\/div>\n<div><\/div>\n<div style=\"text-align: center;\"><strong>Un gobierno de cooperaci\u00f3n y di\u00e1logo<\/strong><\/div>\n<div><\/div>\n<div>Villarreal Anaya subray\u00f3 que la coordinaci\u00f3n con los municipios ha sido clave para detonar proyectos de gran impacto.<\/div>\n<div><\/div>\n<div>\u201cSomos una entidad fuerte, vigorosa y consciente de que con voluntad y trabajo podemos construir una mejor sociedad que viva en paz y con esperanza. Refrendo que mi compromiso con Tamaulipas no tiene l\u00edmites: todas mis horas y todos mis d\u00edas est\u00e1n dedicados a su servicio y engrandecimiento\u201d, expres\u00f3 el mandatario.<\/div>\n<div><\/div>\n<div style=\"text-align: center;\"><strong>Nuevo Laredo, polo estrat\u00e9gico de desarrollo<\/strong><\/div>\n<div><\/div>\n<div>Como testigo de este trabajo conjunto, la alcaldesa de Nuevo Laredo, Carmen Lilia Canturosas Villarreal, resalt\u00f3 que la colaboraci\u00f3n con el gobierno estatal ha consolidado a la ciudad como el puerto terrestre m\u00e1s importante de Am\u00e9rica Latina.<\/div>\n<div><\/div>\n<div>\u201cEl liderazgo del gobernador Am\u00e9rico Villarreal Anaya ha marcado una nueva etapa de transformaci\u00f3n. Gracias a su visi\u00f3n y coordinaci\u00f3n, hoy Nuevo Laredo consolida proyectos estrat\u00e9gicos que fortalecen la econom\u00eda, generan empleo y mejoran la calidad de vida de las familias\u201d, manifest\u00f3.<\/div>\n<div><\/div>\n<div>Entre los logros m\u00e1s destacados, la presidenta municipal mencion\u00f3:<\/div>\n<div>\u2022El segundo puente ferroviario internacional, infraestructura clave que agiliza operaciones y refuerza la competitividad en el comercio exterior entre M\u00e9xico y Estados Unidos.<\/div>\n<div>\u2022La consolidaci\u00f3n de la Agencia Nacional de Aduanas de M\u00e9xico (ANAM) en Nuevo Laredo, que ratifica a la ciudad como el nodo aduanero m\u00e1s importante del pa\u00eds.<\/div>\n<div><\/div>\n<div style=\"text-align: center;\"><strong>Impacto estatal y nacional<\/strong><\/div>\n<div><\/div>\n<div>La sinergia entre ambos niveles de gobierno ha permitido que Nuevo Laredo mantenga una trayectoria de modernizaci\u00f3n y crecimiento con efectos positivos m\u00e1s all\u00e1 de la frontera. Los proyectos impulsados no solo benefician a los neolaredenses, sino que fortalecen la competitividad de Tamaulipas y contribuyen al desarrollo econ\u00f3mico de todo M\u00e9xico.<\/div>\n<div><\/div>\n<div>Con esta visi\u00f3n compartida \u2014que integra al gobierno federal encabezado por la presidenta Claudia Sheinbaum\u2014, Tamaulipas se proyecta como un estado clave para el comercio, la inversi\u00f3n y la generaci\u00f3n de oportunidades en la frontera norte del pa\u00eds.<\/div>\n<div><img loading=\"lazy\" decoding=\"async\" class=\"aligncenter size-full wp-image-180718\" src=\"https:\/\/www.buroperiodistico.com.mx\/wp-content\/uploads\/2025\/10\/Obrax-I.jpeg\" alt=\"\" width=\"640\" height=\"426\" srcset=\"https:\/\/www.buroperiodistico.com.mx\/wp-content\/uploads\/2025\/10\/Obrax-I.jpeg 640w, https:\/\/www.buroperiodistico.com.mx\/wp-content\/uploads\/2025\/10\/Obrax-I-300x200.jpeg 300w\" sizes=\"auto, (max-width: 640px) 100vw, 640px\" \/> <img loading=\"lazy\" decoding=\"async\" class=\"aligncenter size-full wp-image-180723\" src=\"https:\/\/www.buroperiodistico.com.mx\/wp-content\/uploads\/2025\/10\/Obrax-IIIIII.jpeg\" alt=\"\" width=\"640\" height=\"427\" srcset=\"https:\/\/www.buroperiodistico.com.mx\/wp-content\/uploads\/2025\/10\/Obrax-IIIIII.jpeg 640w, https:\/\/www.buroperiodistico.com.mx\/wp-content\/uploads\/2025\/10\/Obrax-IIIIII-300x200.jpeg 300w\" sizes=\"auto, (max-width: 640px) 100vw, 640px\" \/> <img loading=\"lazy\" decoding=\"async\" class=\"aligncenter size-full wp-image-180722\" src=\"https:\/\/www.buroperiodistico.com.mx\/wp-content\/uploads\/2025\/10\/Obrax-IIIII.jpeg\" alt=\"\" width=\"640\" height=\"428\" srcset=\"https:\/\/www.buroperiodistico.com.mx\/wp-content\/uploads\/2025\/10\/Obrax-IIIII.jpeg 640w, https:\/\/www.buroperiodistico.com.mx\/wp-content\/uploads\/2025\/10\/Obrax-IIIII-300x201.jpeg 300w\" sizes=\"auto, (max-width: 640px) 100vw, 640px\" \/> <img loading=\"lazy\" decoding=\"async\" class=\"aligncenter size-full wp-image-180721\" src=\"https:\/\/www.buroperiodistico.com.mx\/wp-content\/uploads\/2025\/10\/Obrax-IIII.jpeg\" alt=\"\" width=\"640\" height=\"480\" srcset=\"https:\/\/www.buroperiodistico.com.mx\/wp-content\/uploads\/2025\/10\/Obrax-IIII.jpeg 640w, https:\/\/www.buroperiodistico.com.mx\/wp-content\/uploads\/2025\/10\/Obrax-IIII-300x225.jpeg 300w\" sizes=\"auto, (max-width: 640px) 100vw, 640px\" \/> <img loading=\"lazy\" decoding=\"async\" class=\"aligncenter size-full wp-image-180720\" src=\"https:\/\/www.buroperiodistico.com.mx\/wp-content\/uploads\/2025\/10\/Obrax-III.jpeg\" alt=\"\" width=\"640\" height=\"428\" srcset=\"https:\/\/www.buroperiodistico.com.mx\/wp-content\/uploads\/2025\/10\/Obrax-III.jpeg 640w, https:\/\/www.buroperiodistico.com.mx\/wp-content\/uploads\/2025\/10\/Obrax-III-300x201.jpeg 300w\" sizes=\"auto, (max-width: 640px) 100vw, 640px\" \/> <img loading=\"lazy\" decoding=\"async\" class=\"aligncenter size-full wp-image-180719\" src=\"https:\/\/www.buroperiodistico.com.mx\/wp-content\/uploads\/2025\/10\/Obrax-II.jpeg\" alt=\"\" width=\"640\" height=\"419\" srcset=\"https:\/\/www.buroperiodistico.com.mx\/wp-content\/uploads\/2025\/10\/Obrax-II.jpeg 640w, https:\/\/www.buroperiodistico.com.mx\/wp-content\/uploads\/2025\/10\/Obrax-II-300x196.jpeg 300w\" sizes=\"auto, (max-width: 640px) 100vw, 640px\" \/><\/div>\n","protected":false},"excerpt":{"rendered":"<p>Nuevo Laredo, Tam (1-Octubre-2025).- El gobernador Am\u00e9rico Villarreal Anaya present\u00f3 su informe \u201cTres a\u00f1os de&#8230;<\/p>\n","protected":false},"author":1,"featured_media":180724,"comment_status":"closed","ping_status":"closed","sticky":false,"template":"","format":"standard","meta":{"footnotes":"","jetpack_publicize_message":"","jetpack_publicize_feature_enabled":true,"jetpack_social_post_already_shared":true,"jetpack_social_options":{"image_generator_settings":{"template":"highway","default_image_id":0,"font":"","enabled":false},"version":2}},"categories":[16,25],"tags":[],"class_list":["post-180717","post","type-post","status-publish","format-standard","has-post-thumbnail","hentry","category-nuevolaredo","category-portada"],"jetpack_publicize_connections":[],"_links":{"self":[{"href":"https:\/\/www.buroperiodistico.com.mx\/index.php?rest_route=\/wp\/v2\/posts\/180717","targetHints":{"allow":["GET"]}}],"collection":[{"href":"https:\/\/www.buroperiodistico.com.mx\/index.php?rest_route=\/wp\/v2\/posts"}],"about":[{"href":"https:\/\/www.buroperiodistico.com.mx\/index.php?rest_route=\/wp\/v2\/types\/post"}],"author":[{"embeddable":true,"href":"https:\/\/www.buroperiodistico.com.mx\/index.php?rest_route=\/wp\/v2\/users\/1"}],"replies":[{"embeddable":true,"href":"https:\/\/www.buroperiodistico.com.mx\/index.php?rest_route=%2Fwp%2Fv2%2Fcomments&post=180717"}],"version-history":[{"count":0,"href":"https:\/\/www.buroperiodistico.com.mx\/index.php?rest_route=\/wp\/v2\/posts\/180717\/revisions"}],"wp:featuredmedia":[{"embeddable":true,"href":"https:\/\/www.buroperiodistico.com.mx\/index.php?rest_route=\/wp\/v2\/media\/180724"}],"wp:attachment":[{"href":"https:\/\/www.buroperiodistico.com.mx\/index.php?rest_route=%2Fwp%2Fv2%2Fmedia&parent=180717"}],"wp:term":[{"taxonomy":"category","embeddable":true,"href":"https:\/\/www.buroperiodistico.com.mx\/index.php?rest_route=%2Fwp%2Fv2%2Fcategories&post=180717"},{"taxonomy":"post_tag","embeddable":true,"href":"https:\/\/www.buroperiodistico.com.mx\/index.php?rest_route=%2Fwp%2Fv2%2Ftags&post=180717"}],"curies":[{"name":"wp","href":"https:\/\/api.w.org\/{rel}","templated":true}]}}