{"id":180713,"date":"2025-10-01T19:34:14","date_gmt":"2025-10-02T00:34:14","guid":{"rendered":"https:\/\/www.buroperiodistico.com.mx\/?p=180713"},"modified":"2025-10-01T19:34:14","modified_gmt":"2025-10-02T00:34:14","slug":"listo-albergue-emergente-en-el-polideportivo-para-familias-desalojadas","status":"publish","type":"post","link":"https:\/\/www.buroperiodistico.com.mx\/?p=180713","title":{"rendered":"Listo Albergue Emergente en el Polideportivo para familias desalojadas"},"content":{"rendered":"<p><em><strong><img loading=\"lazy\" decoding=\"async\" class=\"size-full wp-image-180714 alignright\" src=\"https:\/\/www.buroperiodistico.com.mx\/wp-content\/uploads\/2025\/10\/Albrgx-I.jpg\" alt=\"\" width=\"463\" height=\"640\" srcset=\"https:\/\/www.buroperiodistico.com.mx\/wp-content\/uploads\/2025\/10\/Albrgx-I.jpg 463w, https:\/\/www.buroperiodistico.com.mx\/wp-content\/uploads\/2025\/10\/Albrgx-I-217x300.jpg 217w\" sizes=\"auto, (max-width: 463px) 100vw, 463px\" \/>Reynosa, Tam (1-Octubre-2025).-<\/strong><\/em> Por indicaciones del Presidente Municipal Carlos Pe\u00f1a Ortiz, la Coordinaci\u00f3n de Protecci\u00f3n Civil y Bomberos habilit\u00f3 como Albergue Emergente el Polideportivo Reynosa, para las familias que fueron desalojadas de la colonia 23 de Marzo.<\/p>\n<p>El Albergue, ubicado en carretera a Matamoros, colonia La Escondida, cuenta con un m\u00f3dulo de auscultaci\u00f3n m\u00e9dica para monitoreo de la salud de quienes decidan beneficiarse del alojamiento en el que las autoridades municipales proveer\u00e1n los alimentos.<\/p>\n<p>Para dar una atenci\u00f3n integral a las familias se cuenta con la asistencia del Voluntariado DIF-Reynosa, a cargo de la Lic. Alejandra Yelitza Garza, y de personal operativo de las dos dependencias involucradas para velar por el bienestar de ni\u00f1os y adultos.<\/p>\n<p>Tel\u00e9fonos de Protecci\u00f3n Civil: 8998550010 y 8999550011<br \/>\n#ReynosaImparable<br \/>\n#GobiernoMunicipalDeReynosa<\/p>\n","protected":false},"excerpt":{"rendered":"<p>Reynosa, Tam (1-Octubre-2025).- Por indicaciones del Presidente Municipal Carlos Pe\u00f1a Ortiz, la Coordinaci\u00f3n de Protecci\u00f3n&#8230;<\/p>\n","protected":false},"author":1,"featured_media":180715,"comment_status":"closed","ping_status":"closed","sticky":false,"template":"","format":"standard","meta":{"footnotes":"","jetpack_publicize_message":"","jetpack_publicize_feature_enabled":true,"jetpack_social_post_already_shared":true,"jetpack_social_options":{"image_generator_settings":{"template":"highway","default_image_id":0,"font":"","enabled":false},"version":2}},"categories":[9],"tags":[],"class_list":["post-180713","post","type-post","status-publish","format-standard","has-post-thumbnail","hentry","category-reynosa"],"jetpack_publicize_connections":[],"_links":{"self":[{"href":"https:\/\/www.buroperiodistico.com.mx\/index.php?rest_route=\/wp\/v2\/posts\/180713","targetHints":{"allow":["GET"]}}],"collection":[{"href":"https:\/\/www.buroperiodistico.com.mx\/index.php?rest_route=\/wp\/v2\/posts"}],"about":[{"href":"https:\/\/www.buroperiodistico.com.mx\/index.php?rest_route=\/wp\/v2\/types\/post"}],"author":[{"embeddable":true,"href":"https:\/\/www.buroperiodistico.com.mx\/index.php?rest_route=\/wp\/v2\/users\/1"}],"replies":[{"embeddable":true,"href":"https:\/\/www.buroperiodistico.com.mx\/index.php?rest_route=%2Fwp%2Fv2%2Fcomments&post=180713"}],"version-history":[{"count":0,"href":"https:\/\/www.buroperiodistico.com.mx\/index.php?rest_route=\/wp\/v2\/posts\/180713\/revisions"}],"wp:featuredmedia":[{"embeddable":true,"href":"https:\/\/www.buroperiodistico.com.mx\/index.php?rest_route=\/wp\/v2\/media\/180715"}],"wp:attachment":[{"href":"https:\/\/www.buroperiodistico.com.mx\/index.php?rest_route=%2Fwp%2Fv2%2Fmedia&parent=180713"}],"wp:term":[{"taxonomy":"category","embeddable":true,"href":"https:\/\/www.buroperiodistico.com.mx\/index.php?rest_route=%2Fwp%2Fv2%2Fcategories&post=180713"},{"taxonomy":"post_tag","embeddable":true,"href":"https:\/\/www.buroperiodistico.com.mx\/index.php?rest_route=%2Fwp%2Fv2%2Ftags&post=180713"}],"curies":[{"name":"wp","href":"https:\/\/api.w.org\/{rel}","templated":true}]}}