{"id":180709,"date":"2025-10-01T19:29:20","date_gmt":"2025-10-02T00:29:20","guid":{"rendered":"https:\/\/www.buroperiodistico.com.mx\/?p=180709"},"modified":"2025-10-01T19:29:20","modified_gmt":"2025-10-02T00:29:20","slug":"invita-alcalde-de-reynosa-al-xxxii-festival-internacional-en-la-costa-del-seno-mexicano-del-3-al-12-de-octubre","status":"publish","type":"post","link":"https:\/\/www.buroperiodistico.com.mx\/?p=180709","title":{"rendered":"Invita Alcalde de Reynosa al XXXII Festival Internacional en la Costa del Seno Mexicano, del 3 al 12 de octubre"},"content":{"rendered":"<p><em><strong><img loading=\"lazy\" decoding=\"async\" class=\"size-full wp-image-180710 alignright\" src=\"https:\/\/www.buroperiodistico.com.mx\/wp-content\/uploads\/2025\/10\/IRCax-I.jpeg\" alt=\"\" width=\"323\" height=\"640\" srcset=\"https:\/\/www.buroperiodistico.com.mx\/wp-content\/uploads\/2025\/10\/IRCax-I.jpeg 323w, https:\/\/www.buroperiodistico.com.mx\/wp-content\/uploads\/2025\/10\/IRCax-I-151x300.jpeg 151w\" sizes=\"auto, (max-width: 323px) 100vw, 323px\" \/>Reynosa, Tam (1-Octubre-2025).-<\/strong><\/em> El Presidente Municipal, Carlos Pe\u00f1a Ortiz, invita a la comunidad reynosense a disfrutar del XXXII Festival Internacional en la Costa del Seno Mexicano, del 3 al 12 de octubre con m\u00e1s de 20 eventos de alta calidad art\u00edstica, gratis para todos.<\/p>\n<p>La producci\u00f3n Sabor-Life is rhythm, de M\u00e9xico, Espa\u00f1a, Inglaterra, e Italia, es uno de los espect\u00e1culos que podr\u00e1s apreciar en el Teatro Principal del Parque Cultural Reynosa, entre otras muchas m\u00e1s que te deleitar\u00e1n con una gran expresi\u00f3n musical.<\/p>\n<p>Broadway Baby, es una obra teatral que tendr\u00e1 como recinto la misma sala, y el grupo Naci\u00f3n SKA Los Vald\u00e9s SKA, ofrecer\u00e1 un concierto musical en la explanada del Parque, y en la plaza Cornelio Reyna, el Conjunto Norte\u00f1o del IRCA brindar\u00e1 un Homenaje a la M\u00fasica Norte\u00f1a.<\/p>\n<p>#ReynosaImparable<br \/>\n#GobiernoMunicipalDeReynosa<\/p>\n","protected":false},"excerpt":{"rendered":"<p>Reynosa, Tam (1-Octubre-2025).- El Presidente Municipal, Carlos Pe\u00f1a Ortiz, invita a la comunidad reynosense a&#8230;<\/p>\n","protected":false},"author":1,"featured_media":180711,"comment_status":"closed","ping_status":"closed","sticky":false,"template":"","format":"standard","meta":{"footnotes":"","jetpack_publicize_message":"","jetpack_publicize_feature_enabled":true,"jetpack_social_post_already_shared":true,"jetpack_social_options":{"image_generator_settings":{"template":"highway","default_image_id":0,"font":"","enabled":false},"version":2}},"categories":[9],"tags":[],"class_list":["post-180709","post","type-post","status-publish","format-standard","has-post-thumbnail","hentry","category-reynosa"],"jetpack_publicize_connections":[],"_links":{"self":[{"href":"https:\/\/www.buroperiodistico.com.mx\/index.php?rest_route=\/wp\/v2\/posts\/180709","targetHints":{"allow":["GET"]}}],"collection":[{"href":"https:\/\/www.buroperiodistico.com.mx\/index.php?rest_route=\/wp\/v2\/posts"}],"about":[{"href":"https:\/\/www.buroperiodistico.com.mx\/index.php?rest_route=\/wp\/v2\/types\/post"}],"author":[{"embeddable":true,"href":"https:\/\/www.buroperiodistico.com.mx\/index.php?rest_route=\/wp\/v2\/users\/1"}],"replies":[{"embeddable":true,"href":"https:\/\/www.buroperiodistico.com.mx\/index.php?rest_route=%2Fwp%2Fv2%2Fcomments&post=180709"}],"version-history":[{"count":0,"href":"https:\/\/www.buroperiodistico.com.mx\/index.php?rest_route=\/wp\/v2\/posts\/180709\/revisions"}],"wp:featuredmedia":[{"embeddable":true,"href":"https:\/\/www.buroperiodistico.com.mx\/index.php?rest_route=\/wp\/v2\/media\/180711"}],"wp:attachment":[{"href":"https:\/\/www.buroperiodistico.com.mx\/index.php?rest_route=%2Fwp%2Fv2%2Fmedia&parent=180709"}],"wp:term":[{"taxonomy":"category","embeddable":true,"href":"https:\/\/www.buroperiodistico.com.mx\/index.php?rest_route=%2Fwp%2Fv2%2Fcategories&post=180709"},{"taxonomy":"post_tag","embeddable":true,"href":"https:\/\/www.buroperiodistico.com.mx\/index.php?rest_route=%2Fwp%2Fv2%2Ftags&post=180709"}],"curies":[{"name":"wp","href":"https:\/\/api.w.org\/{rel}","templated":true}]}}