{"id":180703,"date":"2025-10-01T19:17:15","date_gmt":"2025-10-02T00:17:15","guid":{"rendered":"https:\/\/www.buroperiodistico.com.mx\/?p=180703"},"modified":"2025-10-01T19:17:15","modified_gmt":"2025-10-02T00:17:15","slug":"ha-llegado-el-tiempo-de-tamaulipas-logros-historicos-marcan-el-tercer-ano-de-gobierno-de-americo-villarreal","status":"publish","type":"post","link":"https:\/\/www.buroperiodistico.com.mx\/?p=180703","title":{"rendered":"HA LLEGADO EL TIEMPO DE TAMAULIPAS: LOGROS HIST\u00d3RICOS MARCAN EL TERCER A\u00d1O DE GOBIERNO DE AM\u00c9RICO VILLARREAL"},"content":{"rendered":"<p dir=\"ltr\"><em><strong><img loading=\"lazy\" decoding=\"async\" class=\" wp-image-180705 alignright\" src=\"https:\/\/www.buroperiodistico.com.mx\/wp-content\/uploads\/2025\/10\/clcr-gobernador.jpg\" alt=\"\" width=\"490\" height=\"294\" srcset=\"https:\/\/www.buroperiodistico.com.mx\/wp-content\/uploads\/2025\/10\/clcr-gobernador.jpg 1024w, https:\/\/www.buroperiodistico.com.mx\/wp-content\/uploads\/2025\/10\/clcr-gobernador-300x180.jpg 300w, https:\/\/www.buroperiodistico.com.mx\/wp-content\/uploads\/2025\/10\/clcr-gobernador-768x461.jpg 768w\" sizes=\"auto, (max-width: 490px) 100vw, 490px\" \/>Nuevo Laredo, Tam (1-Octubre-2025).-<\/strong><\/em> El gobernador Am\u00e9rico Villarreal Anaya present\u00f3 su informe \u201cTres a\u00f1os de memorias de una Transformaci\u00f3n\u201d, donde destac\u00f3 los avances m\u00e1s significativos de su administraci\u00f3n y los proyectos estrat\u00e9gicos que han colocado a Tamaulipas, y en particular a Nuevo Laredo, como referente de desarrollo en la frontera norte.<\/p>\n<p dir=\"ltr\">Villarreal Anaya subray\u00f3 que la coordinaci\u00f3n con los municipios ha sido clave para detonar proyectos de gran impacto.<\/p>\n<p dir=\"ltr\">\u201cSomos una entidad fuerte, vigorosa y consciente de que con voluntad y trabajo podemos construir una mejor sociedad que viva en paz y con esperanza. Refrendo que mi compromiso con Tamaulipas no tiene l\u00edmites: todas mis horas y todos mis d\u00edas est\u00e1n dedicados a su servicio y engrandecimiento\u201d, expres\u00f3 el mandatario.<\/p>\n<p dir=\"ltr\">Como testigo de este trabajo conjunto, la alcaldesa de Nuevo Laredo, Carmen Lilia Canturosas Villarreal, resalt\u00f3 que la colaboraci\u00f3n con el gobierno estatal ha consolidado a la ciudad como el puerto terrestre m\u00e1s importante de Am\u00e9rica Latina.<\/p>\n<p dir=\"ltr\">\u201cEl liderazgo del gobernador Am\u00e9rico Villarreal Anaya ha marcado una nueva etapa de transformaci\u00f3n. Gracias a su visi\u00f3n y coordinaci\u00f3n, hoy Nuevo Laredo consolida proyectos estrat\u00e9gicos que fortalecen la econom\u00eda, generan empleo y mejoran la calidad de vida de las familias\u201d, manifest\u00f3.<\/p>\n<p dir=\"ltr\">Entre los logros m\u00e1s destacados, la presidenta municipal mencion\u00f3 ell segundo puente ferroviario internacional, infraestructura clave que agiliza operaciones y refuerza la competitividad en el comercio exterior entre M\u00e9xico y Estados Unidos.<\/p>\n<p dir=\"ltr\">La consolidaci\u00f3n de la Agencia Nacional de Aduanas de M\u00e9xico (ANAM) en Nuevo Laredo, que ratifica a la ciudad como el nodo aduanero m\u00e1s importante del pa\u00eds.<\/p>\n<p dir=\"ltr\">La sinergia entre ambos niveles de gobierno ha permitido que Nuevo Laredo mantenga una trayectoria de modernizaci\u00f3n y crecimiento con efectos positivos m\u00e1s all\u00e1 de la frontera. Los proyectos impulsados no solo benefician a los neolaredenses, sino que fortalecen la competitividad de Tamaulipas y contribuyen al desarrollo econ\u00f3mico de todo M\u00e9xico.<\/p>\n<p dir=\"ltr\">Con esta visi\u00f3n compartida, que integra al gobierno federal encabezado por la presidenta Claudia Sheinbaum, Tamaulipas se proyecta como un estado clave para el comercio, la inversi\u00f3n y la generaci\u00f3n de oportunidades en la frontera norte del pa\u00eds.<\/p>\n<p dir=\"ltr\"><img loading=\"lazy\" decoding=\"async\" class=\"aligncenter size-full wp-image-180704\" src=\"https:\/\/www.buroperiodistico.com.mx\/wp-content\/uploads\/2025\/10\/clcr-gobernador-I.jpg\" alt=\"\" width=\"640\" height=\"427\" srcset=\"https:\/\/www.buroperiodistico.com.mx\/wp-content\/uploads\/2025\/10\/clcr-gobernador-I.jpg 640w, https:\/\/www.buroperiodistico.com.mx\/wp-content\/uploads\/2025\/10\/clcr-gobernador-I-300x200.jpg 300w\" sizes=\"auto, (max-width: 640px) 100vw, 640px\" \/><\/p>\n","protected":false},"excerpt":{"rendered":"<p>Nuevo Laredo, Tam (1-Octubre-2025).- El gobernador Am\u00e9rico Villarreal Anaya present\u00f3 su informe \u201cTres a\u00f1os de&#8230;<\/p>\n","protected":false},"author":1,"featured_media":180705,"comment_status":"closed","ping_status":"closed","sticky":false,"template":"","format":"standard","meta":{"footnotes":"","jetpack_publicize_message":"","jetpack_publicize_feature_enabled":true,"jetpack_social_post_already_shared":true,"jetpack_social_options":{"image_generator_settings":{"template":"highway","default_image_id":0,"font":"","enabled":false},"version":2}},"categories":[16,25],"tags":[],"class_list":["post-180703","post","type-post","status-publish","format-standard","has-post-thumbnail","hentry","category-nuevolaredo","category-portada"],"jetpack_publicize_connections":[],"_links":{"self":[{"href":"https:\/\/www.buroperiodistico.com.mx\/index.php?rest_route=\/wp\/v2\/posts\/180703","targetHints":{"allow":["GET"]}}],"collection":[{"href":"https:\/\/www.buroperiodistico.com.mx\/index.php?rest_route=\/wp\/v2\/posts"}],"about":[{"href":"https:\/\/www.buroperiodistico.com.mx\/index.php?rest_route=\/wp\/v2\/types\/post"}],"author":[{"embeddable":true,"href":"https:\/\/www.buroperiodistico.com.mx\/index.php?rest_route=\/wp\/v2\/users\/1"}],"replies":[{"embeddable":true,"href":"https:\/\/www.buroperiodistico.com.mx\/index.php?rest_route=%2Fwp%2Fv2%2Fcomments&post=180703"}],"version-history":[{"count":0,"href":"https:\/\/www.buroperiodistico.com.mx\/index.php?rest_route=\/wp\/v2\/posts\/180703\/revisions"}],"wp:featuredmedia":[{"embeddable":true,"href":"https:\/\/www.buroperiodistico.com.mx\/index.php?rest_route=\/wp\/v2\/media\/180705"}],"wp:attachment":[{"href":"https:\/\/www.buroperiodistico.com.mx\/index.php?rest_route=%2Fwp%2Fv2%2Fmedia&parent=180703"}],"wp:term":[{"taxonomy":"category","embeddable":true,"href":"https:\/\/www.buroperiodistico.com.mx\/index.php?rest_route=%2Fwp%2Fv2%2Fcategories&post=180703"},{"taxonomy":"post_tag","embeddable":true,"href":"https:\/\/www.buroperiodistico.com.mx\/index.php?rest_route=%2Fwp%2Fv2%2Ftags&post=180703"}],"curies":[{"name":"wp","href":"https:\/\/api.w.org\/{rel}","templated":true}]}}