{"id":180674,"date":"2025-10-01T18:18:08","date_gmt":"2025-10-01T23:18:08","guid":{"rendered":"https:\/\/www.buroperiodistico.com.mx\/?p=180674"},"modified":"2025-10-01T18:18:08","modified_gmt":"2025-10-01T23:18:08","slug":"invitan-municipio-y-dif-reynosa-a-carrera-5k-corriendo-por-la-vida","status":"publish","type":"post","link":"https:\/\/www.buroperiodistico.com.mx\/?p=180674","title":{"rendered":"Invitan Municipio y DIF-Reynosa a Carrera \u00ab5K Corriendo por la Vida\u00bb"},"content":{"rendered":"<p><em><strong><img loading=\"lazy\" decoding=\"async\" class=\"size-full wp-image-180675 alignright\" src=\"https:\/\/www.buroperiodistico.com.mx\/wp-content\/uploads\/2025\/10\/Carrex-I.jpeg\" alt=\"\" width=\"480\" height=\"632\" srcset=\"https:\/\/www.buroperiodistico.com.mx\/wp-content\/uploads\/2025\/10\/Carrex-I.jpeg 480w, https:\/\/www.buroperiodistico.com.mx\/wp-content\/uploads\/2025\/10\/Carrex-I-228x300.jpeg 228w\" sizes=\"auto, (max-width: 480px) 100vw, 480px\" \/>Reynosa, Tam (1-Octubre-2025).-<\/strong><\/em> Participa en la \u00ab5K Corriendo por la Vida\u00bb, y s\u00e9 parte de la Lucha Contra el C\u00e1ncer de Mama; el Alcalde Carlos Pe\u00f1a Ortiz y la Presidenta del Voluntariado DIF-Reynosa, Alejandra Yelitza Garza, te invitan a esta competencia con causa el d\u00eda 25 de octubre.<\/p>\n<p>\u00abCorriendo por la Vida\u00bb, es m\u00e1s que una actividad deportiva, es impulsar la salud de quienes hoy son v\u00edctimas de una enfermedad en la que todos podremos poner un granito de arena para que las mujeres salgan adelante\u00bb, dijo Alejandra Yelitza Garza.<\/p>\n<p>La Carrera a Beneficio de la Lucha Contra el C\u00e1ncer de Mama dar\u00e1 inicio en el Museo del Ferrocarril, Historia, Arte y Maquila, a las 7:00 A. M. y tendr\u00e1 un costo de inscripci\u00f3n de solo 300.00 Pesos, que ser\u00e1n destinados a esta noble causa.<\/p>\n<p>#5kCorriendoPorLaVida<br \/>\n#ReynosaImparable<br \/>\n#GobiernoMunicipalDeReynosa<\/p>\n","protected":false},"excerpt":{"rendered":"<p>Reynosa, Tam (1-Octubre-2025).- Participa en la \u00ab5K Corriendo por la Vida\u00bb, y s\u00e9 parte de&#8230;<\/p>\n","protected":false},"author":1,"featured_media":180676,"comment_status":"closed","ping_status":"closed","sticky":false,"template":"","format":"standard","meta":{"footnotes":"","jetpack_publicize_message":"","jetpack_publicize_feature_enabled":true,"jetpack_social_post_already_shared":true,"jetpack_social_options":{"image_generator_settings":{"template":"highway","default_image_id":0,"font":"","enabled":false},"version":2}},"categories":[9],"tags":[],"class_list":["post-180674","post","type-post","status-publish","format-standard","has-post-thumbnail","hentry","category-reynosa"],"jetpack_publicize_connections":[],"_links":{"self":[{"href":"https:\/\/www.buroperiodistico.com.mx\/index.php?rest_route=\/wp\/v2\/posts\/180674","targetHints":{"allow":["GET"]}}],"collection":[{"href":"https:\/\/www.buroperiodistico.com.mx\/index.php?rest_route=\/wp\/v2\/posts"}],"about":[{"href":"https:\/\/www.buroperiodistico.com.mx\/index.php?rest_route=\/wp\/v2\/types\/post"}],"author":[{"embeddable":true,"href":"https:\/\/www.buroperiodistico.com.mx\/index.php?rest_route=\/wp\/v2\/users\/1"}],"replies":[{"embeddable":true,"href":"https:\/\/www.buroperiodistico.com.mx\/index.php?rest_route=%2Fwp%2Fv2%2Fcomments&post=180674"}],"version-history":[{"count":0,"href":"https:\/\/www.buroperiodistico.com.mx\/index.php?rest_route=\/wp\/v2\/posts\/180674\/revisions"}],"wp:featuredmedia":[{"embeddable":true,"href":"https:\/\/www.buroperiodistico.com.mx\/index.php?rest_route=\/wp\/v2\/media\/180676"}],"wp:attachment":[{"href":"https:\/\/www.buroperiodistico.com.mx\/index.php?rest_route=%2Fwp%2Fv2%2Fmedia&parent=180674"}],"wp:term":[{"taxonomy":"category","embeddable":true,"href":"https:\/\/www.buroperiodistico.com.mx\/index.php?rest_route=%2Fwp%2Fv2%2Fcategories&post=180674"},{"taxonomy":"post_tag","embeddable":true,"href":"https:\/\/www.buroperiodistico.com.mx\/index.php?rest_route=%2Fwp%2Fv2%2Ftags&post=180674"}],"curies":[{"name":"wp","href":"https:\/\/api.w.org\/{rel}","templated":true}]}}