{"id":180660,"date":"2025-10-01T15:00:08","date_gmt":"2025-10-01T20:00:08","guid":{"rendered":"https:\/\/www.buroperiodistico.com.mx\/?p=180660"},"modified":"2025-10-01T15:00:08","modified_gmt":"2025-10-01T20:00:08","slug":"amplia-salud-red-de-ambulancias-en-jimenez-soto-la-marina-y-aldama","status":"publish","type":"post","link":"https:\/\/www.buroperiodistico.com.mx\/?p=180660","title":{"rendered":"Ampl\u00eda salud red de ambulancias en Jim\u00e9nez, Soto La Marina y Aldama"},"content":{"rendered":"<ul>\n<li><em><strong>Dentro de la estrategia del gobernador Am\u00e9rico Villarreal Anaya de proporcionar de manera oportuna los servicios de urgencias.<\/strong><\/em><\/li>\n<\/ul>\n<p><strong><img loading=\"lazy\" decoding=\"async\" class=\" wp-image-180664 alignright\" src=\"https:\/\/www.buroperiodistico.com.mx\/wp-content\/uploads\/2025\/10\/Entregadeambulancias.jpg\" alt=\"\" width=\"527\" height=\"345\" srcset=\"https:\/\/www.buroperiodistico.com.mx\/wp-content\/uploads\/2025\/10\/Entregadeambulancias.jpg 1024w, https:\/\/www.buroperiodistico.com.mx\/wp-content\/uploads\/2025\/10\/Entregadeambulancias-300x196.jpg 300w, https:\/\/www.buroperiodistico.com.mx\/wp-content\/uploads\/2025\/10\/Entregadeambulancias-768x503.jpg 768w\" sizes=\"auto, (max-width: 527px) 100vw, 527px\" \/>Cd. Victoria, Tamaulipas (1-Octubre-2025).-<\/strong> Para fortalecer la atenci\u00f3n m\u00e9dica en las diferentes regiones del estado, por instrucciones del gobernador, Am\u00e9rico Villarreal Anaya, el secretario de Salud, Vicente Joel Hern\u00e1ndez Navarro, realiz\u00f3 la entrega de 3 ambulancias para los municipios de Jim\u00e9nez, Soto la Marina y Aldama.<\/p>\n<p>Con esta entrega, se mejora la Red de atenci\u00f3n interhospitalaria, se ampl\u00eda la cobertura de los servicios de urgencias en las carreteras y municipios de Tamaulipas, as\u00ed como se garantiza una atenci\u00f3n inmediata y de calidad para los pacientes.<\/p>\n<p>Acompa\u00f1ado por las alcaldesas de Jim\u00e9nez, Corina Garza Arreola; de Soto la Marina, Glynnis Jim\u00e9nez V\u00e1zquez; y de Aldama, Mar\u00eda Noem\u00ed Sosa Villarreal; as\u00ed como del titular del Centro Regulador de Urgencias M\u00e9dicas (CRUM) Carlos Gonz\u00e1lez Castro, el secretario de Salud visit\u00f3 los municipios de Jim\u00e9nez y Soto La Marina para realizar la entrega de manera personal y fue en el estacionamiento de la dependencia estatal que se efectu\u00f3 el traspaso de la unidad a la presidenta municipal de Aldama.<\/p>\n<p>\u201cCon estas acciones se fortalece la atenci\u00f3n m\u00e9dica en las diferentes regiones del estado, se incrementa la efectividad de la respuesta a la emergencia para aumentar la sobrevida de los pacientes, se mejora y aprovecha los recursos destinados a los servicios de salud que el doctor Am\u00e9rico Villarreal Anaya otorga para una atenci\u00f3n oportuna, eficaz y con sentido humano\u201d, destac\u00f3 Hern\u00e1ndez Navarro.<\/p>\n<p>Estas ambulancias proporcionan servicio interhospitalario y garantizan la conexi\u00f3n con las unidades de salud como son los centros de salud, hospitales y hospitales de especialidad, lo que aumenta la conectividad y la eficacia de movimiento de los pacientes, no solo en lo que respecta al veh\u00edculo, tambi\u00e9n en la seguridad y la atenci\u00f3n del mismo.<\/p>\n<p><img loading=\"lazy\" decoding=\"async\" class=\"aligncenter size-full wp-image-180661\" src=\"https:\/\/www.buroperiodistico.com.mx\/wp-content\/uploads\/2025\/10\/Entregadeambulancias-I.jpeg\" alt=\"\" width=\"640\" height=\"426\" srcset=\"https:\/\/www.buroperiodistico.com.mx\/wp-content\/uploads\/2025\/10\/Entregadeambulancias-I.jpeg 640w, https:\/\/www.buroperiodistico.com.mx\/wp-content\/uploads\/2025\/10\/Entregadeambulancias-I-300x200.jpeg 300w\" sizes=\"auto, (max-width: 640px) 100vw, 640px\" \/> <img loading=\"lazy\" decoding=\"async\" class=\"aligncenter size-full wp-image-180663\" src=\"https:\/\/www.buroperiodistico.com.mx\/wp-content\/uploads\/2025\/10\/Entregadeambulancias-III.jpg\" alt=\"\" width=\"640\" height=\"480\" srcset=\"https:\/\/www.buroperiodistico.com.mx\/wp-content\/uploads\/2025\/10\/Entregadeambulancias-III.jpg 640w, https:\/\/www.buroperiodistico.com.mx\/wp-content\/uploads\/2025\/10\/Entregadeambulancias-III-300x225.jpg 300w\" sizes=\"auto, (max-width: 640px) 100vw, 640px\" \/> <img loading=\"lazy\" decoding=\"async\" class=\"aligncenter size-full wp-image-180662\" src=\"https:\/\/www.buroperiodistico.com.mx\/wp-content\/uploads\/2025\/10\/Entregadeambulancias-II.jpg\" alt=\"\" width=\"640\" height=\"480\" srcset=\"https:\/\/www.buroperiodistico.com.mx\/wp-content\/uploads\/2025\/10\/Entregadeambulancias-II.jpg 640w, https:\/\/www.buroperiodistico.com.mx\/wp-content\/uploads\/2025\/10\/Entregadeambulancias-II-300x225.jpg 300w\" sizes=\"auto, (max-width: 640px) 100vw, 640px\" \/><\/p>\n","protected":false},"excerpt":{"rendered":"<p>Dentro de la estrategia del gobernador Am\u00e9rico Villarreal Anaya de proporcionar de manera oportuna los&#8230;<\/p>\n","protected":false},"author":1,"featured_media":180664,"comment_status":"closed","ping_status":"closed","sticky":false,"template":"","format":"standard","meta":{"footnotes":"","jetpack_publicize_message":"","jetpack_publicize_feature_enabled":true,"jetpack_social_post_already_shared":true,"jetpack_social_options":{"image_generator_settings":{"template":"highway","default_image_id":0,"font":"","enabled":false},"version":2}},"categories":[10],"tags":[],"class_list":["post-180660","post","type-post","status-publish","format-standard","has-post-thumbnail","hentry","category-tamaulipas"],"jetpack_publicize_connections":[],"_links":{"self":[{"href":"https:\/\/www.buroperiodistico.com.mx\/index.php?rest_route=\/wp\/v2\/posts\/180660","targetHints":{"allow":["GET"]}}],"collection":[{"href":"https:\/\/www.buroperiodistico.com.mx\/index.php?rest_route=\/wp\/v2\/posts"}],"about":[{"href":"https:\/\/www.buroperiodistico.com.mx\/index.php?rest_route=\/wp\/v2\/types\/post"}],"author":[{"embeddable":true,"href":"https:\/\/www.buroperiodistico.com.mx\/index.php?rest_route=\/wp\/v2\/users\/1"}],"replies":[{"embeddable":true,"href":"https:\/\/www.buroperiodistico.com.mx\/index.php?rest_route=%2Fwp%2Fv2%2Fcomments&post=180660"}],"version-history":[{"count":0,"href":"https:\/\/www.buroperiodistico.com.mx\/index.php?rest_route=\/wp\/v2\/posts\/180660\/revisions"}],"wp:featuredmedia":[{"embeddable":true,"href":"https:\/\/www.buroperiodistico.com.mx\/index.php?rest_route=\/wp\/v2\/media\/180664"}],"wp:attachment":[{"href":"https:\/\/www.buroperiodistico.com.mx\/index.php?rest_route=%2Fwp%2Fv2%2Fmedia&parent=180660"}],"wp:term":[{"taxonomy":"category","embeddable":true,"href":"https:\/\/www.buroperiodistico.com.mx\/index.php?rest_route=%2Fwp%2Fv2%2Fcategories&post=180660"},{"taxonomy":"post_tag","embeddable":true,"href":"https:\/\/www.buroperiodistico.com.mx\/index.php?rest_route=%2Fwp%2Fv2%2Ftags&post=180660"}],"curies":[{"name":"wp","href":"https:\/\/api.w.org\/{rel}","templated":true}]}}