{"id":180657,"date":"2025-10-01T14:51:33","date_gmt":"2025-10-01T19:51:33","guid":{"rendered":"https:\/\/www.buroperiodistico.com.mx\/?p=180657"},"modified":"2025-10-01T14:51:33","modified_gmt":"2025-10-01T19:51:33","slug":"a-tres-anos-de-la-transformacion-americo-rinde-mensaje-al-pueblo-de-tamaulipas","status":"publish","type":"post","link":"https:\/\/www.buroperiodistico.com.mx\/?p=180657","title":{"rendered":"A tres a\u00f1os de la transformaci\u00f3n, Am\u00e9rico rinde mensaje al pueblo de Tamaulipas"},"content":{"rendered":"<p><em><strong><img loading=\"lazy\" decoding=\"async\" class=\" wp-image-180658 alignright\" src=\"https:\/\/www.buroperiodistico.com.mx\/wp-content\/uploads\/2025\/10\/Goberx.jpeg\" alt=\"\" width=\"540\" height=\"339\" srcset=\"https:\/\/www.buroperiodistico.com.mx\/wp-content\/uploads\/2025\/10\/Goberx.jpeg 1024w, https:\/\/www.buroperiodistico.com.mx\/wp-content\/uploads\/2025\/10\/Goberx-300x188.jpeg 300w, https:\/\/www.buroperiodistico.com.mx\/wp-content\/uploads\/2025\/10\/Goberx-768x482.jpeg 768w\" sizes=\"auto, (max-width: 540px) 100vw, 540px\" \/>Ciudad Victoria, Tamaulipas (1-Octubre-2025).-<\/strong><\/em> El gobernador de Tamaulipas, Am\u00e9rico Villarreal Anaya acompa\u00f1ado de la doctora Mar\u00eda de Villarreal, presidenta del Sistema DIF Tamaulipas, arrib\u00f3 al Teatro Amalia Gonz\u00e1lez Caballero de Castillo Led\u00f3n, de esta ciudad capital, para dar su mensaje al cumplirse hoy tres a\u00f1os de la transformaci\u00f3n.<\/p>\n<p>Durante este ejercicio de di\u00e1logo con el pueblo de Tamaulipas, el mandatario, dar\u00e1 un recuento de los compromisos cumplidos, a la mitad del camino del inicio de su administraci\u00f3n, ante representantes de sectores productivos de la entidad, las y los legisladores estatales y federales, dirigentes empresariales, mandos de las Fuerzas Armadas, alcaldesas y alcaldes, funcionarios estatales y federales, as\u00ed como los titulares de los Poderes Legislativo y Judicial de Tamaulipas.<\/p>\n","protected":false},"excerpt":{"rendered":"<p>Ciudad Victoria, Tamaulipas (1-Octubre-2025).- El gobernador de Tamaulipas, Am\u00e9rico Villarreal Anaya acompa\u00f1ado de la doctora&#8230;<\/p>\n","protected":false},"author":1,"featured_media":180658,"comment_status":"closed","ping_status":"closed","sticky":false,"template":"","format":"standard","meta":{"footnotes":"","jetpack_publicize_message":"","jetpack_publicize_feature_enabled":true,"jetpack_social_post_already_shared":true,"jetpack_social_options":{"image_generator_settings":{"template":"highway","default_image_id":0,"font":"","enabled":false},"version":2}},"categories":[25,10],"tags":[],"class_list":["post-180657","post","type-post","status-publish","format-standard","has-post-thumbnail","hentry","category-portada","category-tamaulipas"],"jetpack_publicize_connections":[],"_links":{"self":[{"href":"https:\/\/www.buroperiodistico.com.mx\/index.php?rest_route=\/wp\/v2\/posts\/180657","targetHints":{"allow":["GET"]}}],"collection":[{"href":"https:\/\/www.buroperiodistico.com.mx\/index.php?rest_route=\/wp\/v2\/posts"}],"about":[{"href":"https:\/\/www.buroperiodistico.com.mx\/index.php?rest_route=\/wp\/v2\/types\/post"}],"author":[{"embeddable":true,"href":"https:\/\/www.buroperiodistico.com.mx\/index.php?rest_route=\/wp\/v2\/users\/1"}],"replies":[{"embeddable":true,"href":"https:\/\/www.buroperiodistico.com.mx\/index.php?rest_route=%2Fwp%2Fv2%2Fcomments&post=180657"}],"version-history":[{"count":0,"href":"https:\/\/www.buroperiodistico.com.mx\/index.php?rest_route=\/wp\/v2\/posts\/180657\/revisions"}],"wp:featuredmedia":[{"embeddable":true,"href":"https:\/\/www.buroperiodistico.com.mx\/index.php?rest_route=\/wp\/v2\/media\/180658"}],"wp:attachment":[{"href":"https:\/\/www.buroperiodistico.com.mx\/index.php?rest_route=%2Fwp%2Fv2%2Fmedia&parent=180657"}],"wp:term":[{"taxonomy":"category","embeddable":true,"href":"https:\/\/www.buroperiodistico.com.mx\/index.php?rest_route=%2Fwp%2Fv2%2Fcategories&post=180657"},{"taxonomy":"post_tag","embeddable":true,"href":"https:\/\/www.buroperiodistico.com.mx\/index.php?rest_route=%2Fwp%2Fv2%2Ftags&post=180657"}],"curies":[{"name":"wp","href":"https:\/\/api.w.org\/{rel}","templated":true}]}}