{"id":180653,"date":"2025-10-01T14:41:02","date_gmt":"2025-10-01T19:41:02","guid":{"rendered":"https:\/\/www.buroperiodistico.com.mx\/?p=180653"},"modified":"2025-10-01T14:41:02","modified_gmt":"2025-10-01T19:41:02","slug":"invita-gobierno-de-carlos-pena-ortiz-a-ninas-y-ninos-a-escribir-sus-propias-historias","status":"publish","type":"post","link":"https:\/\/www.buroperiodistico.com.mx\/?p=180653","title":{"rendered":"Invita Gobierno de Carlos Pe\u00f1a Ortiz a ni\u00f1as y ni\u00f1os a escribir sus propias historias"},"content":{"rendered":"<p><em><strong><img loading=\"lazy\" decoding=\"async\" class=\" wp-image-180654 alignright\" src=\"https:\/\/www.buroperiodistico.com.mx\/wp-content\/uploads\/2025\/10\/Invix.jpg\" alt=\"\" width=\"516\" height=\"279\" srcset=\"https:\/\/www.buroperiodistico.com.mx\/wp-content\/uploads\/2025\/10\/Invix.jpg 1110w, https:\/\/www.buroperiodistico.com.mx\/wp-content\/uploads\/2025\/10\/Invix-300x162.jpg 300w, https:\/\/www.buroperiodistico.com.mx\/wp-content\/uploads\/2025\/10\/Invix-1024x554.jpg 1024w, https:\/\/www.buroperiodistico.com.mx\/wp-content\/uploads\/2025\/10\/Invix-768x415.jpg 768w\" sizes=\"auto, (max-width: 516px) 100vw, 516px\" \/>Reynosa, Tam (1-Octubre-2025).-<\/strong><\/em> El Gobierno de Reynosa, que preside el Alcalde Carlos Pe\u00f1a Ortiz, invita a ni\u00f1as y ni\u00f1os a inscribirse al Taller de Literatura Creativa del Instituto Reynosense para la Cultura y las Artes, impartido por el Maestro Dami\u00e1n Gonz\u00e1lez P\u00e9rez.<\/p>\n<p>En este Taller los alumnos descubrir\u00e1n el mundo de las letras, desarrollar\u00e1n su imaginaci\u00f3n, aprender\u00e1n a expresarse a trav\u00e9s de la escritura y despertar\u00e1n esa chispa creativa de su mente.<\/p>\n<p>\u00abLa literatura es un espejo. El ni\u00f1o aprende a identificarse a trav\u00e9s de la lectura cuando escucha o lee un cuento. Todo ni\u00f1o, aunque no sea consciente, es un inventor de historias. Cuando un ni\u00f1o descubre que puede escribir, se emociona y eso se ve reflejado en la luz de su mirada\u00bb, comenta el Maestro Gonz\u00e1lez P\u00e9rez.<\/p>\n<p>Las inscripciones ya est\u00e1n abiertas. Para mayores informes, los interesados pueden comunicarse al tel\u00e9fono 8999255358 en horario de 9:00 A. M. a 5:00 P. M. de lunes a viernes.<\/p>\n<p>#ReynosaImparable #Reynosa #Tamaulipas<\/p>\n<div style=\"width: 640px;\" class=\"wp-video\"><video class=\"wp-video-shortcode\" id=\"video-180653-1\" width=\"640\" height=\"360\" preload=\"metadata\" controls=\"controls\"><source type=\"video\/mp4\" src=\"https:\/\/www.buroperiodistico.com.mx\/wp-content\/uploads\/2025\/10\/WhatsApp-Video-2025-10-01-at-2.22.26-PM.mp4?_=1\" \/><a href=\"https:\/\/www.buroperiodistico.com.mx\/wp-content\/uploads\/2025\/10\/WhatsApp-Video-2025-10-01-at-2.22.26-PM.mp4\">https:\/\/www.buroperiodistico.com.mx\/wp-content\/uploads\/2025\/10\/WhatsApp-Video-2025-10-01-at-2.22.26-PM.mp4<\/a><\/video><\/div>\n","protected":false},"excerpt":{"rendered":"<p>Reynosa, Tam (1-Octubre-2025).- El Gobierno de Reynosa, que preside el Alcalde Carlos Pe\u00f1a Ortiz, invita&#8230;<\/p>\n","protected":false},"author":1,"featured_media":180654,"comment_status":"closed","ping_status":"closed","sticky":false,"template":"","format":"standard","meta":{"footnotes":"","jetpack_publicize_message":"","jetpack_publicize_feature_enabled":true,"jetpack_social_post_already_shared":true,"jetpack_social_options":{"image_generator_settings":{"template":"highway","default_image_id":0,"font":"","enabled":false},"version":2}},"categories":[9],"tags":[],"class_list":["post-180653","post","type-post","status-publish","format-standard","has-post-thumbnail","hentry","category-reynosa"],"jetpack_publicize_connections":[],"_links":{"self":[{"href":"https:\/\/www.buroperiodistico.com.mx\/index.php?rest_route=\/wp\/v2\/posts\/180653","targetHints":{"allow":["GET"]}}],"collection":[{"href":"https:\/\/www.buroperiodistico.com.mx\/index.php?rest_route=\/wp\/v2\/posts"}],"about":[{"href":"https:\/\/www.buroperiodistico.com.mx\/index.php?rest_route=\/wp\/v2\/types\/post"}],"author":[{"embeddable":true,"href":"https:\/\/www.buroperiodistico.com.mx\/index.php?rest_route=\/wp\/v2\/users\/1"}],"replies":[{"embeddable":true,"href":"https:\/\/www.buroperiodistico.com.mx\/index.php?rest_route=%2Fwp%2Fv2%2Fcomments&post=180653"}],"version-history":[{"count":0,"href":"https:\/\/www.buroperiodistico.com.mx\/index.php?rest_route=\/wp\/v2\/posts\/180653\/revisions"}],"wp:featuredmedia":[{"embeddable":true,"href":"https:\/\/www.buroperiodistico.com.mx\/index.php?rest_route=\/wp\/v2\/media\/180654"}],"wp:attachment":[{"href":"https:\/\/www.buroperiodistico.com.mx\/index.php?rest_route=%2Fwp%2Fv2%2Fmedia&parent=180653"}],"wp:term":[{"taxonomy":"category","embeddable":true,"href":"https:\/\/www.buroperiodistico.com.mx\/index.php?rest_route=%2Fwp%2Fv2%2Fcategories&post=180653"},{"taxonomy":"post_tag","embeddable":true,"href":"https:\/\/www.buroperiodistico.com.mx\/index.php?rest_route=%2Fwp%2Fv2%2Ftags&post=180653"}],"curies":[{"name":"wp","href":"https:\/\/api.w.org\/{rel}","templated":true}]}}