{"id":180649,"date":"2025-10-01T14:32:59","date_gmt":"2025-10-01T19:32:59","guid":{"rendered":"https:\/\/www.buroperiodistico.com.mx\/?p=180649"},"modified":"2025-10-01T14:32:59","modified_gmt":"2025-10-01T19:32:59","slug":"entre-trazos-y-texturas-la-obra-de-marycarmen-aguirre-se-suma-a-la-cartelera-del-festival-internacional","status":"publish","type":"post","link":"https:\/\/www.buroperiodistico.com.mx\/?p=180649","title":{"rendered":"Entre trazos y texturas: la obra de Marycarmen Aguirre se suma a la cartelera del Festival Internacional"},"content":{"rendered":"<p><em><strong><img loading=\"lazy\" decoding=\"async\" class=\"size-full wp-image-180650 alignright\" src=\"https:\/\/www.buroperiodistico.com.mx\/wp-content\/uploads\/2025\/10\/Itcax-I.jpg\" alt=\"\" width=\"488\" height=\"480\" srcset=\"https:\/\/www.buroperiodistico.com.mx\/wp-content\/uploads\/2025\/10\/Itcax-I.jpg 488w, https:\/\/www.buroperiodistico.com.mx\/wp-content\/uploads\/2025\/10\/Itcax-I-300x295.jpg 300w\" sizes=\"auto, (max-width: 488px) 100vw, 488px\" \/>Cd. Victoria, Tam (1-Octubre-2025).-<\/strong><\/em> El Gobierno del Estado de Tamaulipas, a trav\u00e9s de la Secretar\u00eda de Bienestar Social Tamaulipas y el ITCA Tamaulipas, en colaboraci\u00f3n con el Parque Cultural Reynosa, invitan a la inauguraci\u00f3n de la exposici\u00f3n \u201cZIGZAG, l\u00edneas en el tiempo\u201d de la artista Marycarmen Aguirre, que se llevar\u00e1 a cabo el s\u00e1bado 4 de octubre a las 18:00 horas en la Galer\u00eda Artemio Guerra.<\/p>\n<p>La muestra, que forma parte de la cartelera oficial del XXXII Festival Internacional en la Costa del Seno Mexicano, presenta un recorrido retrospectivo de m\u00e1s de 40 a\u00f1os de trayectoria en el \u00e1mbito de las artes pl\u00e1sticas, con obras que abarcan pintura, grabado y cuadro objeto.<\/p>\n<p>En palabras de la propia creadora, esta exposici\u00f3n refleja que el tiempo no es una l\u00ednea recta, sino un zigzag donde cada pieza se convierte en un instante de b\u00fasqueda y emoci\u00f3n. \u201cCada obra es un reflejo de un momento, de una constelaci\u00f3n de experiencias que se entrelazan en constante transformaci\u00f3n\u201d, expresa Aguirre al describir la esencia de su propuesta.<\/p>\n","protected":false},"excerpt":{"rendered":"<p>Cd. Victoria, Tam (1-Octubre-2025).- El Gobierno del Estado de Tamaulipas, a trav\u00e9s de la Secretar\u00eda&#8230;<\/p>\n","protected":false},"author":1,"featured_media":180651,"comment_status":"closed","ping_status":"closed","sticky":false,"template":"","format":"standard","meta":{"footnotes":"","jetpack_publicize_message":"","jetpack_publicize_feature_enabled":true,"jetpack_social_post_already_shared":true,"jetpack_social_options":{"image_generator_settings":{"template":"highway","default_image_id":0,"font":"","enabled":false},"version":2}},"categories":[17],"tags":[],"class_list":["post-180649","post","type-post","status-publish","format-standard","has-post-thumbnail","hentry","category-ciudadvictoria"],"jetpack_publicize_connections":[],"_links":{"self":[{"href":"https:\/\/www.buroperiodistico.com.mx\/index.php?rest_route=\/wp\/v2\/posts\/180649","targetHints":{"allow":["GET"]}}],"collection":[{"href":"https:\/\/www.buroperiodistico.com.mx\/index.php?rest_route=\/wp\/v2\/posts"}],"about":[{"href":"https:\/\/www.buroperiodistico.com.mx\/index.php?rest_route=\/wp\/v2\/types\/post"}],"author":[{"embeddable":true,"href":"https:\/\/www.buroperiodistico.com.mx\/index.php?rest_route=\/wp\/v2\/users\/1"}],"replies":[{"embeddable":true,"href":"https:\/\/www.buroperiodistico.com.mx\/index.php?rest_route=%2Fwp%2Fv2%2Fcomments&post=180649"}],"version-history":[{"count":0,"href":"https:\/\/www.buroperiodistico.com.mx\/index.php?rest_route=\/wp\/v2\/posts\/180649\/revisions"}],"wp:featuredmedia":[{"embeddable":true,"href":"https:\/\/www.buroperiodistico.com.mx\/index.php?rest_route=\/wp\/v2\/media\/180651"}],"wp:attachment":[{"href":"https:\/\/www.buroperiodistico.com.mx\/index.php?rest_route=%2Fwp%2Fv2%2Fmedia&parent=180649"}],"wp:term":[{"taxonomy":"category","embeddable":true,"href":"https:\/\/www.buroperiodistico.com.mx\/index.php?rest_route=%2Fwp%2Fv2%2Fcategories&post=180649"},{"taxonomy":"post_tag","embeddable":true,"href":"https:\/\/www.buroperiodistico.com.mx\/index.php?rest_route=%2Fwp%2Fv2%2Ftags&post=180649"}],"curies":[{"name":"wp","href":"https:\/\/api.w.org\/{rel}","templated":true}]}}