{"id":180629,"date":"2025-10-01T11:50:35","date_gmt":"2025-10-01T16:50:35","guid":{"rendered":"https:\/\/www.buroperiodistico.com.mx\/?p=180629"},"modified":"2025-10-01T11:50:35","modified_gmt":"2025-10-01T16:50:35","slug":"regalo-alitas-y-recibio-criticas-en-redes-sociales","status":"publish","type":"post","link":"https:\/\/www.buroperiodistico.com.mx\/?p=180629","title":{"rendered":"Regal\u00f3 alitas y recibi\u00f3 cr\u00edticas en redes sociales"},"content":{"rendered":"<div><em><strong>Por Jes\u00fas Rivera\u00a0<\/strong><\/em><\/div>\n<div><em><strong><img loading=\"lazy\" decoding=\"async\" class=\" wp-image-180632 alignright\" src=\"https:\/\/www.buroperiodistico.com.mx\/wp-content\/uploads\/2025\/10\/Regax.png\" alt=\"\" width=\"495\" height=\"286\" srcset=\"https:\/\/www.buroperiodistico.com.mx\/wp-content\/uploads\/2025\/10\/Regax.png 1024w, https:\/\/www.buroperiodistico.com.mx\/wp-content\/uploads\/2025\/10\/Regax-300x173.png 300w, https:\/\/www.buroperiodistico.com.mx\/wp-content\/uploads\/2025\/10\/Regax-768x444.png 768w\" sizes=\"auto, (max-width: 495px) 100vw, 495px\" \/>Reynosa, Tamaulipas (1-Octubre-2025).-<\/strong><\/em> \u00abPor agradecimiento\u00bb, el negocio llamado La Barbacher\u00eda, ubicado sobre el bulevar Las Fuentes, de la colonia del mismo nombre, decidi\u00f3 regalar \u00f3rdenes de alitas de pollo, pero recibi\u00f3 decenas de cr\u00edticas de usuarios de las redes sociales.<\/div>\n<div><\/div>\n<div>Los comentarios m\u00e1s \u00e1cidos se refer\u00edan a que la gente \u00abmuerta de hambre\u00bb tuvo que hacer fila de m\u00e1s de 20 minutos para obtener una porci\u00f3n del popular alimento.<\/div>\n<div><\/div>\n<div>En su cuenta de Facebook, Jonathan Zorrilla, propietario del restaurant, respondi\u00f3 de la siguiente manera: \u00abQue puro muerto de hambre formado, que el rugir de tripas, que los ni\u00f1os en el sol y la mam\u00e1 pobretona formada, son solo alguno de los comentarios que vi en redes sociales\u00bb.<\/div>\n<div><\/div>\n<div>Argument\u00f3 que se organiz\u00f3 un d\u00eda de bonless gratis \u00aby claro, la gente se dej\u00f3 caer\u00bb-expuso.<\/div>\n<div><\/div>\n<div>Seg\u00fan su contabilidad, fueron m\u00e1s de 800 \u00f3rdenes sin ning\u00fan costo las que se repartieron ayer por la tarde.<\/div>\n<div><\/div>\n<div>Se pregunt\u00f3 por qu\u00e9 de la molestia de algunos usuarios de FB. \u00ab\u00bfPor qu\u00e9 les molesta que la persona que tenga tiempo, tenga ganas, pueda y con o sin necesidad econ\u00f3mica se forme 20 minutos para recibir unos boneless sin costo? \u00bfCu\u00e1l es la necesidad?\u00bb-expuso.<\/div>\n<div><\/div>\n<div>Zorrilla particip\u00f3 como aspirante a candidato por un partido pol\u00edtico en el 2021. En aquella ocasi\u00f3n coment\u00f3 que se volver\u00eda a participar en busca de alg\u00fan puesto de elecci\u00f3n popular.<\/div>\n<div><\/div>\n<div>Algunos de los usuarios de redes se lo recordaron al afirmar que debido a ese inter\u00e9s fue que organiz\u00f3 esta comilona.<\/div>\n<div><\/div>\n<div>El empresario, quien cuenta adem\u00e1s con otros dos restaurantes donde vende barbacoa y cortes de carne, con frecuencia realiza promociones donde regala \u00f3rdenes de comida.<\/div>\n<div><\/div>\n<div>Es inusual, sin embargo, que un negocio regale miles de pesos en comida y m\u00e1s, que la concurrencia sea cuantiosa, como ocurri\u00f3 ayer.<\/div>\n<div><\/div>\n<div><img loading=\"lazy\" decoding=\"async\" class=\"aligncenter size-full wp-image-180630\" src=\"https:\/\/www.buroperiodistico.com.mx\/wp-content\/uploads\/2025\/10\/Regax-I.png\" alt=\"\" width=\"600\" height=\"338\" srcset=\"https:\/\/www.buroperiodistico.com.mx\/wp-content\/uploads\/2025\/10\/Regax-I.png 600w, https:\/\/www.buroperiodistico.com.mx\/wp-content\/uploads\/2025\/10\/Regax-I-300x169.png 300w\" sizes=\"auto, (max-width: 600px) 100vw, 600px\" \/> <img loading=\"lazy\" decoding=\"async\" class=\"aligncenter size-full wp-image-180631\" src=\"https:\/\/www.buroperiodistico.com.mx\/wp-content\/uploads\/2025\/10\/Regax-II.png\" alt=\"\" width=\"450\" height=\"600\" srcset=\"https:\/\/www.buroperiodistico.com.mx\/wp-content\/uploads\/2025\/10\/Regax-II.png 450w, https:\/\/www.buroperiodistico.com.mx\/wp-content\/uploads\/2025\/10\/Regax-II-225x300.png 225w\" sizes=\"auto, (max-width: 450px) 100vw, 450px\" \/><\/div>\n","protected":false},"excerpt":{"rendered":"<p>Por Jes\u00fas Rivera\u00a0 Reynosa, Tamaulipas (1-Octubre-2025).- \u00abPor agradecimiento\u00bb, el negocio llamado La Barbacher\u00eda, ubicado sobre&#8230;<\/p>\n","protected":false},"author":1,"featured_media":180632,"comment_status":"closed","ping_status":"closed","sticky":false,"template":"","format":"standard","meta":{"footnotes":"","jetpack_publicize_message":"","jetpack_publicize_feature_enabled":true,"jetpack_social_post_already_shared":true,"jetpack_social_options":{"image_generator_settings":{"template":"highway","default_image_id":0,"font":"","enabled":false},"version":2}},"categories":[9],"tags":[],"class_list":["post-180629","post","type-post","status-publish","format-standard","has-post-thumbnail","hentry","category-reynosa"],"jetpack_publicize_connections":[],"_links":{"self":[{"href":"https:\/\/www.buroperiodistico.com.mx\/index.php?rest_route=\/wp\/v2\/posts\/180629","targetHints":{"allow":["GET"]}}],"collection":[{"href":"https:\/\/www.buroperiodistico.com.mx\/index.php?rest_route=\/wp\/v2\/posts"}],"about":[{"href":"https:\/\/www.buroperiodistico.com.mx\/index.php?rest_route=\/wp\/v2\/types\/post"}],"author":[{"embeddable":true,"href":"https:\/\/www.buroperiodistico.com.mx\/index.php?rest_route=\/wp\/v2\/users\/1"}],"replies":[{"embeddable":true,"href":"https:\/\/www.buroperiodistico.com.mx\/index.php?rest_route=%2Fwp%2Fv2%2Fcomments&post=180629"}],"version-history":[{"count":0,"href":"https:\/\/www.buroperiodistico.com.mx\/index.php?rest_route=\/wp\/v2\/posts\/180629\/revisions"}],"wp:featuredmedia":[{"embeddable":true,"href":"https:\/\/www.buroperiodistico.com.mx\/index.php?rest_route=\/wp\/v2\/media\/180632"}],"wp:attachment":[{"href":"https:\/\/www.buroperiodistico.com.mx\/index.php?rest_route=%2Fwp%2Fv2%2Fmedia&parent=180629"}],"wp:term":[{"taxonomy":"category","embeddable":true,"href":"https:\/\/www.buroperiodistico.com.mx\/index.php?rest_route=%2Fwp%2Fv2%2Fcategories&post=180629"},{"taxonomy":"post_tag","embeddable":true,"href":"https:\/\/www.buroperiodistico.com.mx\/index.php?rest_route=%2Fwp%2Fv2%2Ftags&post=180629"}],"curies":[{"name":"wp","href":"https:\/\/api.w.org\/{rel}","templated":true}]}}