{"id":180615,"date":"2025-10-01T11:25:50","date_gmt":"2025-10-01T16:25:50","guid":{"rendered":"https:\/\/www.buroperiodistico.com.mx\/?p=180615"},"modified":"2025-10-01T11:25:50","modified_gmt":"2025-10-01T16:25:50","slug":"continua-gobierno-de-reynosa-con-trabajo-de-limpieza-y-mantenimiento","status":"publish","type":"post","link":"https:\/\/www.buroperiodistico.com.mx\/?p=180615","title":{"rendered":"Contin\u00faa Gobierno de Reynosa con trabajo de limpieza y mantenimiento"},"content":{"rendered":"<p><em><strong><img loading=\"lazy\" decoding=\"async\" class=\" wp-image-180618 alignright\" src=\"https:\/\/www.buroperiodistico.com.mx\/wp-content\/uploads\/2025\/10\/SPx.jpeg\" alt=\"\" width=\"445\" height=\"251\" srcset=\"https:\/\/www.buroperiodistico.com.mx\/wp-content\/uploads\/2025\/10\/SPx.jpeg 1024w, https:\/\/www.buroperiodistico.com.mx\/wp-content\/uploads\/2025\/10\/SPx-300x169.jpeg 300w, https:\/\/www.buroperiodistico.com.mx\/wp-content\/uploads\/2025\/10\/SPx-768x434.jpeg 768w\" sizes=\"auto, (max-width: 445px) 100vw, 445px\" \/>Reynosa, Tam (1-Octubre-2025).-<\/strong><\/em> El Gobierno Municipal encabezado por Carlos Pe\u00f1a Ortiz, contin\u00faa trabajando para mejorar la imagen urbana y la calidad de vida de los ciudadanos y esta ma\u00f1ana, mi\u00e9rcoles 1 de octubre, cuadrillas municipales atendieron instrucciones del Alcalde para realizar labores de limpieza de camell\u00f3n con levantamiento de maleza en la calle Azucenas de la colonia San Antonio.<\/p>\n<p>Se solicita a los automovilistas que circulen con precauci\u00f3n por esta y otras zonas de trabajo y respeten el \u00e1rea delimitada por los trabajadores. La seguridad de los trabajadores y la ciudadan\u00eda es nuestra prioridad.<\/p>\n<p>El Alcalde y su equipo contin\u00faan trabajando para mejorar la calidad de vida de los ciudadanos y hacer de Reynosa una ciudad m\u00e1s pr\u00f3spera y segura. Estas acciones son parte del compromiso del Gobierno Municipal con el bienestar y el progreso de la ciudad.<\/p>\n<p>#ReynosaImparable<br \/>\n#GobiernoMunicipalDeReynosa<\/p>\n<p><img loading=\"lazy\" decoding=\"async\" class=\"aligncenter size-full wp-image-180616\" src=\"https:\/\/www.buroperiodistico.com.mx\/wp-content\/uploads\/2025\/10\/SPx-I.jpeg\" alt=\"\" width=\"640\" height=\"295\" srcset=\"https:\/\/www.buroperiodistico.com.mx\/wp-content\/uploads\/2025\/10\/SPx-I.jpeg 640w, https:\/\/www.buroperiodistico.com.mx\/wp-content\/uploads\/2025\/10\/SPx-I-300x138.jpeg 300w\" sizes=\"auto, (max-width: 640px) 100vw, 640px\" \/> <img loading=\"lazy\" decoding=\"async\" class=\"aligncenter size-full wp-image-180617\" src=\"https:\/\/www.buroperiodistico.com.mx\/wp-content\/uploads\/2025\/10\/SPx-II.jpeg\" alt=\"\" width=\"406\" height=\"640\" srcset=\"https:\/\/www.buroperiodistico.com.mx\/wp-content\/uploads\/2025\/10\/SPx-II.jpeg 406w, https:\/\/www.buroperiodistico.com.mx\/wp-content\/uploads\/2025\/10\/SPx-II-190x300.jpeg 190w\" sizes=\"auto, (max-width: 406px) 100vw, 406px\" \/><\/p>\n","protected":false},"excerpt":{"rendered":"<p>Reynosa, Tam (1-Octubre-2025).- El Gobierno Municipal encabezado por Carlos Pe\u00f1a Ortiz, contin\u00faa trabajando para mejorar&#8230;<\/p>\n","protected":false},"author":1,"featured_media":180618,"comment_status":"closed","ping_status":"closed","sticky":false,"template":"","format":"standard","meta":{"footnotes":"","jetpack_publicize_message":"","jetpack_publicize_feature_enabled":true,"jetpack_social_post_already_shared":true,"jetpack_social_options":{"image_generator_settings":{"template":"highway","default_image_id":0,"font":"","enabled":false},"version":2}},"categories":[9],"tags":[],"class_list":["post-180615","post","type-post","status-publish","format-standard","has-post-thumbnail","hentry","category-reynosa"],"jetpack_publicize_connections":[],"_links":{"self":[{"href":"https:\/\/www.buroperiodistico.com.mx\/index.php?rest_route=\/wp\/v2\/posts\/180615","targetHints":{"allow":["GET"]}}],"collection":[{"href":"https:\/\/www.buroperiodistico.com.mx\/index.php?rest_route=\/wp\/v2\/posts"}],"about":[{"href":"https:\/\/www.buroperiodistico.com.mx\/index.php?rest_route=\/wp\/v2\/types\/post"}],"author":[{"embeddable":true,"href":"https:\/\/www.buroperiodistico.com.mx\/index.php?rest_route=\/wp\/v2\/users\/1"}],"replies":[{"embeddable":true,"href":"https:\/\/www.buroperiodistico.com.mx\/index.php?rest_route=%2Fwp%2Fv2%2Fcomments&post=180615"}],"version-history":[{"count":0,"href":"https:\/\/www.buroperiodistico.com.mx\/index.php?rest_route=\/wp\/v2\/posts\/180615\/revisions"}],"wp:featuredmedia":[{"embeddable":true,"href":"https:\/\/www.buroperiodistico.com.mx\/index.php?rest_route=\/wp\/v2\/media\/180618"}],"wp:attachment":[{"href":"https:\/\/www.buroperiodistico.com.mx\/index.php?rest_route=%2Fwp%2Fv2%2Fmedia&parent=180615"}],"wp:term":[{"taxonomy":"category","embeddable":true,"href":"https:\/\/www.buroperiodistico.com.mx\/index.php?rest_route=%2Fwp%2Fv2%2Fcategories&post=180615"},{"taxonomy":"post_tag","embeddable":true,"href":"https:\/\/www.buroperiodistico.com.mx\/index.php?rest_route=%2Fwp%2Fv2%2Ftags&post=180615"}],"curies":[{"name":"wp","href":"https:\/\/api.w.org\/{rel}","templated":true}]}}