{"id":180605,"date":"2025-09-30T23:31:36","date_gmt":"2025-10-01T04:31:36","guid":{"rendered":"https:\/\/www.buroperiodistico.com.mx\/?p=180605"},"modified":"2025-09-30T23:31:36","modified_gmt":"2025-10-01T04:31:36","slug":"presentara-americo-tres-anos-de-memorias-de-una-transformacion-este-miercoles-1o-de-octubre","status":"publish","type":"post","link":"https:\/\/www.buroperiodistico.com.mx\/?p=180605","title":{"rendered":"Presentar\u00e1 Am\u00e9rico Tres A\u00f1os de Memorias de una Transformaci\u00f3n, este mi\u00e9rcoles 1o. de octubre"},"content":{"rendered":"<p><em><strong><img loading=\"lazy\" decoding=\"async\" class=\" wp-image-180606 alignright\" src=\"https:\/\/www.buroperiodistico.com.mx\/wp-content\/uploads\/2025\/09\/PresentaraAmerico.jpeg\" alt=\"\" width=\"529\" height=\"340\" srcset=\"https:\/\/www.buroperiodistico.com.mx\/wp-content\/uploads\/2025\/09\/PresentaraAmerico.jpeg 1024w, https:\/\/www.buroperiodistico.com.mx\/wp-content\/uploads\/2025\/09\/PresentaraAmerico-300x193.jpeg 300w, https:\/\/www.buroperiodistico.com.mx\/wp-content\/uploads\/2025\/09\/PresentaraAmerico-768x494.jpeg 768w\" sizes=\"auto, (max-width: 529px) 100vw, 529px\" \/>Ciudad Victoria, Tamaulipas (30-Septiembre-2025).-<\/strong><\/em> A tres a\u00f1os del inicio de su administraci\u00f3n, el gobernador Am\u00e9rico Villarreal Anaya presentar\u00e1 una nueva rendici\u00f3n de cuentas al pueblo de Tamaulipas: Tres A\u00f1os de Memorias de una Transformaci\u00f3n, este mi\u00e9rcoles 1o. de octubre, en el teatro Amalia Gonz\u00e1lez Caballero de Castillo Led\u00f3n, de esta capital.<\/p>\n<p>\u201cEl primero de octubre, como hemos venido haciendo cada seis meses, en esta rendici\u00f3n de cuentas a los tamaulipecos, si bien el informe oficial es por Constituci\u00f3n en el mes de marzo, hemos tenido la decisi\u00f3n de cada seis meses estar dando un avance de c\u00f3mo se encuentran las condiciones en la administraci\u00f3n del estado y los progresos que hemos tenido en los proyectos prioritarios y vamos a dar cuenta este pr\u00f3ximo primero de octubre ah\u00ed en el teatro Castillo Le\u00f3n\u201d, expres\u00f3 el gobernador.<\/p>\n<p>Al evento est\u00e1n invitados representantes de todos los sectores productivos de la entidad, las y los legisladores estatales y federales, dirigentes empresariales, mandos de las Fuerzas Armadas, alcaldesas y alcaldes, funcionarios estatales y federales, as\u00ed como los titulares de los Poderes Legislativo y Judicial de Tamaulipas.<\/p>\n<p>El mandatario tamaulipeco expondr\u00e1 el estado que guardan los proyectos estrat\u00e9gicos, las acciones, programas y pol\u00edticas p\u00fablicas que lleva a cabo el Gobierno de la Transformaci\u00f3n, con el respaldo de la presidenta Claudia Sheinbaum, lo que ha permitido consolidar el desarrollo y bienestar de las y los tamaulipecos.<\/p>\n","protected":false},"excerpt":{"rendered":"<p>Ciudad Victoria, Tamaulipas (30-Septiembre-2025).- A tres a\u00f1os del inicio de su administraci\u00f3n, el gobernador Am\u00e9rico&#8230;<\/p>\n","protected":false},"author":1,"featured_media":180606,"comment_status":"closed","ping_status":"closed","sticky":false,"template":"","format":"standard","meta":{"footnotes":"","jetpack_publicize_message":"","jetpack_publicize_feature_enabled":true,"jetpack_social_post_already_shared":true,"jetpack_social_options":{"image_generator_settings":{"template":"highway","default_image_id":0,"font":"","enabled":false},"version":2}},"categories":[10],"tags":[],"class_list":["post-180605","post","type-post","status-publish","format-standard","has-post-thumbnail","hentry","category-tamaulipas"],"jetpack_publicize_connections":[],"_links":{"self":[{"href":"https:\/\/www.buroperiodistico.com.mx\/index.php?rest_route=\/wp\/v2\/posts\/180605","targetHints":{"allow":["GET"]}}],"collection":[{"href":"https:\/\/www.buroperiodistico.com.mx\/index.php?rest_route=\/wp\/v2\/posts"}],"about":[{"href":"https:\/\/www.buroperiodistico.com.mx\/index.php?rest_route=\/wp\/v2\/types\/post"}],"author":[{"embeddable":true,"href":"https:\/\/www.buroperiodistico.com.mx\/index.php?rest_route=\/wp\/v2\/users\/1"}],"replies":[{"embeddable":true,"href":"https:\/\/www.buroperiodistico.com.mx\/index.php?rest_route=%2Fwp%2Fv2%2Fcomments&post=180605"}],"version-history":[{"count":0,"href":"https:\/\/www.buroperiodistico.com.mx\/index.php?rest_route=\/wp\/v2\/posts\/180605\/revisions"}],"wp:featuredmedia":[{"embeddable":true,"href":"https:\/\/www.buroperiodistico.com.mx\/index.php?rest_route=\/wp\/v2\/media\/180606"}],"wp:attachment":[{"href":"https:\/\/www.buroperiodistico.com.mx\/index.php?rest_route=%2Fwp%2Fv2%2Fmedia&parent=180605"}],"wp:term":[{"taxonomy":"category","embeddable":true,"href":"https:\/\/www.buroperiodistico.com.mx\/index.php?rest_route=%2Fwp%2Fv2%2Fcategories&post=180605"},{"taxonomy":"post_tag","embeddable":true,"href":"https:\/\/www.buroperiodistico.com.mx\/index.php?rest_route=%2Fwp%2Fv2%2Ftags&post=180605"}],"curies":[{"name":"wp","href":"https:\/\/api.w.org\/{rel}","templated":true}]}}