{"id":180589,"date":"2025-09-30T22:43:41","date_gmt":"2025-10-01T03:43:41","guid":{"rendered":"https:\/\/www.buroperiodistico.com.mx\/?p=180589"},"modified":"2025-09-30T22:43:41","modified_gmt":"2025-10-01T03:43:41","slug":"renuncia-subsecretario-de-operaciones-de-la-secretaria-de-seguridad-publica-de-tamaulipas","status":"publish","type":"post","link":"https:\/\/www.buroperiodistico.com.mx\/?p=180589","title":{"rendered":"Renuncia Subsecretario de Operaciones de la Secretar\u00eda de Seguridad P\u00fablica de Tamaulipas"},"content":{"rendered":"<ul>\n<li><strong><em>Es el tercer relevo en la c\u00fapula de la Secretar\u00eda de Seguridad P\u00fablica en lo que va del 2025.<\/em><\/strong><\/li>\n<\/ul>\n<p><strong><img loading=\"lazy\" decoding=\"async\" class=\" wp-image-180590 alignright\" src=\"https:\/\/www.buroperiodistico.com.mx\/wp-content\/uploads\/2025\/09\/Renuxc.jpeg\" alt=\"\" width=\"589\" height=\"346\" srcset=\"https:\/\/www.buroperiodistico.com.mx\/wp-content\/uploads\/2025\/09\/Renuxc.jpeg 1024w, https:\/\/www.buroperiodistico.com.mx\/wp-content\/uploads\/2025\/09\/Renuxc-300x176.jpeg 300w, https:\/\/www.buroperiodistico.com.mx\/wp-content\/uploads\/2025\/09\/Renuxc-768x452.jpeg 768w\" sizes=\"auto, (max-width: 589px) 100vw, 589px\" \/>Por Julio Manuel Loya Guzm\u00e1n. <\/strong><br \/>\n<strong>Cd. Victoria, Tamaulipas (30-Septiembre-2025).-<\/strong> La Secretar\u00eda de Seguridad P\u00fablica de Tamaulipas, registr\u00f3 un nuevo movimiento en su estructura directiva tras presentar su renuncia el general Alex Melgarejo Torres, como Subsecretario de Operaciones, cargo que desempe\u00f1\u00f3 desde el 1 de octubre del 2022.<\/p>\n<p>De acuerdo con fuentes oficiales, su cargo ser\u00e1 ocupado a partir del mi\u00e9rcoles 1 de octubre por un nuevo mando militar, cuyo nombre a\u00fan no ha sido revelado. Los ajustes se realizan al interior de la instituci\u00f3n desde la llegada del actual titular de la dependencia, el general retirado Carlos Arturo Pancardo Escudero.<\/p>\n<p>Se precis\u00f3 que la salida de Melgarejo Torres no est\u00e1 vinculada a malos resultados, sino a los procesos naturales de rotaci\u00f3n que suelen darse en los altos niveles de la corporaci\u00f3n.<\/p>\n<p>\u201cSu labor fue muy activa y con resultados destacados para regresar la tranquilidad a Tamaulipas. El general siempre estuvo muy movido y entregado. Su salida es parte de los cambios que se generan cuando hay ajustes en la Secretar\u00eda\u201d, detall\u00f3 la fuente cercana al Gobierno estatal.<\/p>\n<p>El puesto que deja Melgarejo Torres es considerado clave dentro de la SSPT, al estar a cargo de la operaci\u00f3n de la Polic\u00eda de Proximidad, la Polic\u00eda Estatal Cibern\u00e9tica, la Polic\u00eda Auxiliar, la Polic\u00eda de G\u00e9nero, as\u00ed como agrupamientos t\u00e1cticos como los Linces, la Polic\u00eda Montada, la Unidad Canina, el Grupo Aerom\u00f3vil y las Fuerzas Especiales.<\/p>\n<p>Con esta separaci\u00f3n, se trata del tercer relevo en la c\u00fapula de la Secretar\u00eda de Seguridad P\u00fablica en lo que va del 2025, luego de la salida del General Sergio Ch\u00e1vez, exsecretario de Seguridad P\u00fablica, y de Humberto Aguilar Valdez, quien hasta el 31 de agosto pasado fungi\u00f3 como Coordinador de la Oficina del Secretario.<\/p>\n<p>Fuentes consultadas no descartaron que en las pr\u00f3ximas semanas puedan anunciarse nuevos ajustes en mandos intermedios y directivos, los cuales estar\u00edan sustentados en evaluaciones de desempe\u00f1o y en los resultados de las operaciones de seguridad desplegadas en distintas regiones de Tamaulipas<\/p>\n","protected":false},"excerpt":{"rendered":"<p>Es el tercer relevo en la c\u00fapula de la Secretar\u00eda de Seguridad P\u00fablica en lo&#8230;<\/p>\n","protected":false},"author":1,"featured_media":180590,"comment_status":"closed","ping_status":"closed","sticky":false,"template":"","format":"standard","meta":{"footnotes":"","jetpack_publicize_message":"","jetpack_publicize_feature_enabled":true,"jetpack_social_post_already_shared":true,"jetpack_social_options":{"image_generator_settings":{"template":"highway","default_image_id":0,"font":"","enabled":false},"version":2}},"categories":[17],"tags":[],"class_list":["post-180589","post","type-post","status-publish","format-standard","has-post-thumbnail","hentry","category-ciudadvictoria"],"jetpack_publicize_connections":[],"_links":{"self":[{"href":"https:\/\/www.buroperiodistico.com.mx\/index.php?rest_route=\/wp\/v2\/posts\/180589","targetHints":{"allow":["GET"]}}],"collection":[{"href":"https:\/\/www.buroperiodistico.com.mx\/index.php?rest_route=\/wp\/v2\/posts"}],"about":[{"href":"https:\/\/www.buroperiodistico.com.mx\/index.php?rest_route=\/wp\/v2\/types\/post"}],"author":[{"embeddable":true,"href":"https:\/\/www.buroperiodistico.com.mx\/index.php?rest_route=\/wp\/v2\/users\/1"}],"replies":[{"embeddable":true,"href":"https:\/\/www.buroperiodistico.com.mx\/index.php?rest_route=%2Fwp%2Fv2%2Fcomments&post=180589"}],"version-history":[{"count":0,"href":"https:\/\/www.buroperiodistico.com.mx\/index.php?rest_route=\/wp\/v2\/posts\/180589\/revisions"}],"wp:featuredmedia":[{"embeddable":true,"href":"https:\/\/www.buroperiodistico.com.mx\/index.php?rest_route=\/wp\/v2\/media\/180590"}],"wp:attachment":[{"href":"https:\/\/www.buroperiodistico.com.mx\/index.php?rest_route=%2Fwp%2Fv2%2Fmedia&parent=180589"}],"wp:term":[{"taxonomy":"category","embeddable":true,"href":"https:\/\/www.buroperiodistico.com.mx\/index.php?rest_route=%2Fwp%2Fv2%2Fcategories&post=180589"},{"taxonomy":"post_tag","embeddable":true,"href":"https:\/\/www.buroperiodistico.com.mx\/index.php?rest_route=%2Fwp%2Fv2%2Ftags&post=180589"}],"curies":[{"name":"wp","href":"https:\/\/api.w.org\/{rel}","templated":true}]}}